{"id":9278,"date":"2009-08-20T15:37:46","date_gmt":"2009-08-20T19:37:46","guid":{"rendered":"http:\/\/www.redenoticia.com.br\/noticia\/?p=9278"},"modified":"2009-08-20T15:37:46","modified_gmt":"2009-08-20T19:37:46","slug":"ms-apresenta-novo-medicamento-para-tuberculose","status":"publish","type":"post","link":"https:\/\/migracao.redenoticia.com.br\/noticia\/2009\/ms-apresenta-novo-medicamento-para-tuberculose\/9278","title":{"rendered":"MS apresenta novo medicamento para tuberculose"},"content":{"rendered":"<p>O Minist\u00e9rio da Sa\u00fade re\u00fane hoje (20), em Bras\u00edlia, os coordenadores dos programas estaduais de controle da tuberculose para discutir e orientar a implanta\u00e7\u00e3o de um novo esquema terap\u00eautico para o tratamento da doen\u00e7a. A novidade foi anunciada pelo ministro da Sa\u00fade, Jos\u00e9 Gomes Tempor\u00e3o, durante a abertura do 3\u00ba F\u00f3rum Mundial de Parceiros Stop TB, no Rio de Janeiro, em mar\u00e7o deste ano. O novo medicamento \u00e9 o DFC (dose fixa combinada) ou \u201cquatro em um\u201d, como \u00e9 popularmente conhecido, deve contribuir para o aumento da taxa de ades\u00e3o dos pacientes com a doen\u00e7a ao tratamento e, conseq\u00fcentemente, melhorar os \u00edndices de cura.<\/p>\n<p>A vantagem do tratamento \u00e9 que ele vai aumentar o n\u00famero de drogas de tr\u00eas para quatro em um mesmo comprimido e, assim, reduzir a quantidade de doses di\u00e1rias. At\u00e9 setembro, o Minist\u00e9rio da Sa\u00fade receber\u00e1 o primeiro lote do produto, com 20 milh\u00f5es de comprimidos, quantidade suficiente para tratar os mais de 70 mil novos casos da doen\u00e7a.<\/p>\n<p>Durante o encontro em Bras\u00edlia, ser\u00e1 apresentado aos t\u00e9cnicos das Secretarias Estaduais de Sa\u00fade a import\u00e2ncia dessa estrat\u00e9gia, detalhes de como ser\u00e1 feito o repasse de lotes de comprimidos e de como e quando ser\u00e3o os treinamentos das equipes das unidades de sa\u00fade que atendem os pacientes com tuberculose.\u00a0O tratamento da tuberculose dura seis meses, sendo que o DFC ser\u00e1 dado ao paciente nos primeiros 60 dias da terapia. O restante do tratamento ser\u00e1 feito com duas das quatro drogas em um mesmo comprimido, mais conhecido com \u201cdois em um\u201d, j\u00e1 usado nos tratamentos atuais.\u00a0A mudan\u00e7a deve aumentar a ades\u00e3o dos pacientes ao tratamento e elevar os \u00edndices de cura.<\/p>\n<p>Atualmente, 8% dos pacientes que iniciam o tratamento abandonam a terapia, o que pode tornar o bacilo de Koch, causador da tuberculose, resistente \u00e0s drogas. A meta do Brasil \u00e9 reduzir a taxa de abandono para menos de\u00a05%, par\u00e2metro usado pela Organiza\u00e7\u00e3o Mundial da Sa\u00fade.\u00a0\u201cNosso objetivo \u00e9 detectar a tuberculose precocemente e tratar rapidamente o paciente\u201d, afirma o coordenador do PNCT, Draurio Barreira. Segundo a Organiza\u00e7\u00e3o Mundial da Sa\u00fade (OMS), 22 pa\u00edses concentram 80% dos casos de tuberculose no mundo. Nos \u00faltimos tr\u00eas anos, o Brasil passou da 14\u00aa para a 18\u00aa posi\u00e7\u00e3o no ranking mundial de casos da doen\u00e7a, o que significa que as a\u00e7\u00f5es de controle est\u00e3o sendo eficazes.<\/p>\n<p>Esse dado significa que o Brasil melhorou a posi\u00e7\u00e3o. Isso porque quanto maior a coloca\u00e7\u00e3o do pa\u00eds no ranking, melhor \u00e9 a situa\u00e7\u00e3o epidemiol\u00f3gica da doen\u00e7a.Em rela\u00e7\u00e3o \u00e0 incid\u00eancia, que \u00e9 calculada com base no n\u00famero total de casos em rela\u00e7\u00e3o a cada grupo de 100 mil habitantes, o pa\u00eds ocupa o 108\u00ba lugar. No Brasil, a doen\u00e7a \u00e9 a 4\u00aa causa de mortes por doen\u00e7as infecciosas e a 1\u00aa em pacientes com aids.<\/p>\n<p><strong>PR\u00d3XIMA ETAPA &#8211;<\/strong> Depois da reuni\u00e3o com os coordenadores dos programas estaduais de tuberculose, a pr\u00f3xima etapa ser\u00e1 ajustar um cronograma de capacita\u00e7\u00f5es destinadas aos profissionais que atendem nas unidades de sa\u00fade dos munic\u00edpios. As Secretarias Estaduais de Sa\u00fade v\u00e3o mapear quantas unidades receber\u00e3o o novo esquema terap\u00eautico e quais profissionais devem receber o treinamento. Ap\u00f3s essas etapas, as Secretarias Estaduais e Municipais receber\u00e3o os medicamentos para distribuir aos novos pacientes com tuberculose. A previs\u00e3o \u00e9 completar esse processo at\u00e9 o final de 2009.<\/p>\n<p>De acordo com relat\u00f3rio do Minist\u00e9rio da Sa\u00fade sobre tuberculose, divulgado em mar\u00e7o deste ano, houve uma queda de 24,4% na incid\u00eancia e de 31% nas mortes pela doen\u00e7a. O balan\u00e7o foi fechado com dados de 2007. Naquele ano, foram registrados 72 mil novos casos, com uma m\u00e9dia nacional de 38,2 casos por 100 mil habitantes. O levantamento tamb\u00e9m mostrou 4,5 mil mortes em decorr\u00eancia da doen\u00e7a.<\/p>\n<p>No Brasil, 70% dos casos est\u00e3o concentrados em 315 dos 5.565 munic\u00edpios. As maiores incid\u00eancias est\u00e3o nos estados do Rio de Janeiro (73,27 por 100 mil), Amazonas (67,60), Pernambuco (47,79), Par\u00e1 (45,69) e Cear\u00e1 (42,12). A regi\u00e3o Centro-Oeste \u00e9 a que apresenta as menores taxas do pa\u00eds \u2013 em Goi\u00e1s, s\u00e3o 9,57 por 100 mil habitantes. No Distrito Federal, 12,09 por 100 mil.<\/p>\n<p>A incid\u00eancia entre os homens (cerca de 50 por 100 mil) \u00e9 o dobro do que entre as mulheres. J\u00e1 as popula\u00e7\u00f5es mais vulner\u00e1veis s\u00e3o as ind\u00edgenas (incid\u00eancia quatro vezes maior do que a m\u00e9dia nacional); portadores de HIV (30 vezes maior); presidi\u00e1rios (40 vezes maior); e moradores de rua (60 vezes maior). No entanto, h\u00e1 ocorr\u00eancias em todos os segmentos da sociedade, independente da renda ou da escolaridade.<\/p>\n<p>A tuberculose \u00e9 uma doen\u00e7a causada pelo bacilo de Koch (<em>Mycobacterium tuberculosis<\/em>) que afeta v\u00e1rios \u00f3rg\u00e3os do corpo, mas principalmente os pulm\u00f5es. \u00c9 transmitido pelo ar, quando o paciente tosse, fala ou espirra. Os principais sintomas s\u00e3o tosse prolongada, cansa\u00e7o, emagrecimento, febre e sudorese noturna. Em 1993, a OMS declarou a tuberculose como uma emerg\u00eancia global.<\/p>\n","protected":false},"excerpt":{"rendered":"<p>O Minist\u00e9rio da Sa\u00fade re\u00fane hoje (20), em Bras\u00edlia, os coordenadores dos programas estaduais de controle da tuberculose para discutir e orientar a implanta\u00e7\u00e3o de um novo esquema terap\u00eautico para o tratamento da doen\u00e7a. A novidade foi anunciada pelo ministro da Sa\u00fade, Jos\u00e9 Gomes Tempor\u00e3o, durante a abertura do 3\u00ba F\u00f3rum Mundial de Parceiros Stop [&hellip;]<\/p>\n","protected":false},"author":2,"featured_media":0,"comment_status":"open","ping_status":"open","sticky":false,"template":"","format":"standard","meta":{"tdm_status":"","tdm_grid_status":"","footnotes":""},"categories":[22,5],"tags":[],"class_list":{"0":"post-9278","1":"post","2":"type-post","3":"status-publish","4":"format-standard","6":"category-brasil","7":"category-saude-e-vida"},"_links":{"self":[{"href":"https:\/\/migracao.redenoticia.com.br\/noticia\/wp-json\/wp\/v2\/posts\/9278","targetHints":{"allow":["GET"]}}],"collection":[{"href":"https:\/\/migracao.redenoticia.com.br\/noticia\/wp-json\/wp\/v2\/posts"}],"about":[{"href":"https:\/\/migracao.redenoticia.com.br\/noticia\/wp-json\/wp\/v2\/types\/post"}],"author":[{"embeddable":true,"href":"https:\/\/migracao.redenoticia.com.br\/noticia\/wp-json\/wp\/v2\/users\/2"}],"replies":[{"embeddable":true,"href":"https:\/\/migracao.redenoticia.com.br\/noticia\/wp-json\/wp\/v2\/comments?post=9278"}],"version-history":[{"count":0,"href":"https:\/\/migracao.redenoticia.com.br\/noticia\/wp-json\/wp\/v2\/posts\/9278\/revisions"}],"wp:attachment":[{"href":"https:\/\/migracao.redenoticia.com.br\/noticia\/wp-json\/wp\/v2\/media?parent=9278"}],"wp:term":[{"taxonomy":"category","embeddable":true,"href":"https:\/\/migracao.redenoticia.com.br\/noticia\/wp-json\/wp\/v2\/categories?post=9278"},{"taxonomy":"post_tag","embeddable":true,"href":"https:\/\/migracao.redenoticia.com.br\/noticia\/wp-json\/wp\/v2\/tags?post=9278"}],"curies":[{"name":"wp","href":"https:\/\/api.w.org\/{rel}","templated":true}]}}