{"id":928,"date":"2009-04-27T19:58:59","date_gmt":"2009-04-27T23:58:59","guid":{"rendered":"http:\/\/www.redenoticia.com.br\/noticia\/?p=928"},"modified":"2009-04-27T19:58:59","modified_gmt":"2009-04-27T23:58:59","slug":"lula-e-alan-garcia-no-acre-integrao-ganha-mais-fora","status":"publish","type":"post","link":"https:\/\/migracao.redenoticia.com.br\/noticia\/2009\/lula-e-alan-garcia-no-acre-integrao-ganha-mais-fora\/928","title":{"rendered":"Lula e Alan Garcia no Acre, integra&ccedil;&atilde;o ganha mais for&ccedil;a"},"content":{"rendered":"<p><b>     <br \/><\/b><\/p>\n<p><a href=\"http:\/\/www.agencia.ac.gov.br\/images\/stories\/fotos\/000_1_abril_2009\/lula_no_acre_-_fotos_sergio_vale_3.jpg\"><img loading=\"lazy\" decoding=\"async\" title=\"Binho e Lula recebem presidente do Peru para tratar de acordos bilaterais que promovem a integra\u00e7\u00e3o entre os dois pa\u00edses (Foto: S\u00e9rgio Vale\/SECOM) \" style=\"border-right: 0px; border-top: 0px; display: inline; margin: 0px 20px 15px 0px; border-left: 0px; border-bottom: 0px\" height=\"320\" alt=\"lula_no_acre_-_fotos_sergio_vale_3.jpg\" src=\"http:\/\/www.agencia.ac.gov.br\/images\/stories\/fotos\/000_1_abril_2009\/thumbnails\/thumb_lula_no_acre_-_fotos_sergio_vale_3.jpg\" width=\"178\" align=\"left\" border=\"0\" \/><\/a><\/p>\n<p>Binho e Lula recebem presidente do Peru para tratar de acordos bilaterais que promovem a integra\u00e7\u00e3o entre os dois pa\u00edses (Foto: S\u00e9rgio Vale\/SECOM) <\/p>\n<p>Os Presidentes Lula e Alan Garcia encontrar\u00e3o nesta ter\u00e7a-feira, 28, um Acre pronto para tornar-se o p\u00f3lo estrat\u00e9gico do desenvolvimento desta parte da Am\u00e9rica Latina. S\u00e3o v\u00e1rios os atributos, entre eles o grande corredor que se forma com a BR 317, a Estrada do Pac\u00edfico, j\u00e1 completamente asfaltada em territ\u00f3rio acreano, e a BR 364, que liga a regi\u00e3o Sul do Brasil \u00e0 Cruzeiro do Sul, na fronteira com a regi\u00e3o peruana de Pucalpa. Nessa rodovia, os investimentos somam mais de R$ 950 milh\u00f5es at\u00e9 2010. <\/p>\n<p>Trata-se efetivamente de o Acre ser o p\u00f3lo estrat\u00e9gico especialmente porque a BR-364 cria para a Rodovia Interoce\u00e2nica (Estrada do Pac\u00edfico) uma vari\u00e1vel de acesso para o extremo oeste do Acre, abrindo a real possibilidade de um novo eixo de integra\u00e7\u00e3o sulamericana a partir do Vale do Juru\u00e1. A BR-364 \u00e9 um esfor\u00e7o e compromisso pessoal de Lula com o povo do Acre. O presidente a inseriu como prioridade absoluta no Programa de Acelera\u00e7\u00e3o do Crescimento (PAC) e todos os recursos para a concretiza\u00e7\u00e3o do projeto j\u00e1 est\u00e3o consolidados. PAC \u00e9 um programa de desenvolvimento que vai promover a acelera\u00e7\u00e3o do crescimento econ\u00f4mico; aumento do emprego; melhoria das condi\u00e7\u00f5es de vida da popula\u00e7\u00e3o brasileira. O programa consiste em um conjunto de medidas destinadas a incentivar o investimento privado; aumentar o investimento p\u00fablico em infra-estrutura; remover obst\u00e1culos (burocr\u00e1ticos, administrativos, normativos, jur\u00eddicos e legislativos) ao crescimento. O PAC depende da participa\u00e7\u00e3o do Executivo, Legislativo, dos trabalhadores e dos empres\u00e1rios. <\/p>\n<p>O projeto de integra\u00e7\u00e3o \u00e9 completo em sua ess\u00eancia porque abrange todos os meios de transporte. Nesse contexto, o Aeroporto Internacional de Cruzeiro do Sul, que ser\u00e1 inaugurado pelo Presidente Lula nesta ter\u00e7a-feira, significa a implanta\u00e7\u00e3o de opera\u00e7\u00f5es de transporte multimodal, criando, segundo o governador Binho Marques, novas e muitas possibilidades de neg\u00f3cios. <\/p>\n<p><a href=\"http:\/\/www.agencia.ac.gov.br\/images\/stories\/fotos\/000_1_abril_2009\/br_364_foto_sergio_vale_1_270409.jpg\"><img loading=\"lazy\" decoding=\"async\" title=\"A BR-364 \u00e9 um esfor\u00e7o e compromisso pessoal de Lula com o povo do Acre. (Foto: S\u00e9rgio Vale\/Secom)\" style=\"border-right: 0px; border-top: 0px; display: inline; margin: 0px 0px 10px 25px; border-left: 0px; border-bottom: 0px\" height=\"144\" alt=\"br_364_foto_sergio_vale_1_270409.jpg\" src=\"http:\/\/www.agencia.ac.gov.br\/images\/stories\/fotos\/000_1_abril_2009\/thumbnails\/thumb_br_364_foto_sergio_vale_1_270409.jpg\" width=\"250\" align=\"right\" border=\"0\" \/><\/a><\/p>\n<p>A BR-364 \u00e9 um esfor\u00e7o e compromisso pessoal de Lula com o povo do Acre. (Foto: S\u00e9rgio Vale\/Secom) <\/p>\n<p>A infra-estrutura j\u00e1 implantada permite a cria\u00e7\u00e3o de meios de um interc\u00e2mbio mais regular nesta regi\u00e3o de fronteiras. Um bom exemplo disso \u00e9 a implanta\u00e7\u00e3o da linha de \u00f4nibus entre Rio Branco e Porto Maldonado, que ser\u00e1 tamb\u00e9m oficializada por Lula e Alan Garcina. Al\u00e9m disso, v\u00f4os regionais regulares entre Rio Branco e Porto Maldonado, Cruzeiro do Sul e Pucalpa devem ter sua avalia\u00e7\u00e3o ampliada a partir de compromissos entre os dois Presidentes. <\/p>\n<p>O encontro entre os dois Chefes de Estado resultar\u00e1 no documento Compromisso de Rio Branco, o que ressaltar\u00e1 a import\u00e2ncia e o interesse&#160; pela iniciativa do Governo do Acre para implanta\u00e7\u00e3o do Porto Seco de Rio Branco, com investimentos superiores a U$$ 2 milh\u00f5es.&#160; &quot;Trata-se de uma solu\u00e7\u00e3o de log\u00edstica inteligente que, al\u00e9m de atender as necessidades regionais e fronteiri\u00e7as, constitui uma alternativa imediata aos congestionados postos alfandeg\u00e1rios do sul e sudeste do Brasil&quot;, afirmou o governador Binho Marques.&#160; O esfor\u00e7o do&#160; Peru no processo de integra\u00e7\u00e3o \u00e9&#160; um exemplo ao mundo de como se deve lutar para se&#160; vencer o desafio de construir uma rodovia que multiplica a dificuldade&#160; de cruzar a Cordilheira dos Andes por muitas adversidades mas principalmente pelo&#160; clima da Amaz\u00f4nia. <\/p>\n<p>Edmilson Ferreira agencia.ac.gov<\/p>\n","protected":false},"excerpt":{"rendered":"<p>Binho e Lula recebem presidente do Peru para tratar de acordos bilaterais que promovem a integra\u00e7\u00e3o entre os dois pa\u00edses (Foto: S\u00e9rgio Vale\/SECOM) Os Presidentes Lula e Alan Garcia encontrar\u00e3o nesta ter\u00e7a-feira, 28, um Acre pronto para tornar-se o p\u00f3lo estrat\u00e9gico do desenvolvimento desta parte da Am\u00e9rica Latina. S\u00e3o v\u00e1rios os atributos, entre eles o [&hellip;]<\/p>\n","protected":false},"author":2,"featured_media":0,"comment_status":"open","ping_status":"open","sticky":false,"template":"","format":"standard","meta":{"tdm_status":"","tdm_grid_status":"","footnotes":""},"categories":[22],"tags":[],"class_list":{"0":"post-928","1":"post","2":"type-post","3":"status-publish","4":"format-standard","6":"category-brasil"},"_links":{"self":[{"href":"https:\/\/migracao.redenoticia.com.br\/noticia\/wp-json\/wp\/v2\/posts\/928","targetHints":{"allow":["GET"]}}],"collection":[{"href":"https:\/\/migracao.redenoticia.com.br\/noticia\/wp-json\/wp\/v2\/posts"}],"about":[{"href":"https:\/\/migracao.redenoticia.com.br\/noticia\/wp-json\/wp\/v2\/types\/post"}],"author":[{"embeddable":true,"href":"https:\/\/migracao.redenoticia.com.br\/noticia\/wp-json\/wp\/v2\/users\/2"}],"replies":[{"embeddable":true,"href":"https:\/\/migracao.redenoticia.com.br\/noticia\/wp-json\/wp\/v2\/comments?post=928"}],"version-history":[{"count":0,"href":"https:\/\/migracao.redenoticia.com.br\/noticia\/wp-json\/wp\/v2\/posts\/928\/revisions"}],"wp:attachment":[{"href":"https:\/\/migracao.redenoticia.com.br\/noticia\/wp-json\/wp\/v2\/media?parent=928"}],"wp:term":[{"taxonomy":"category","embeddable":true,"href":"https:\/\/migracao.redenoticia.com.br\/noticia\/wp-json\/wp\/v2\/categories?post=928"},{"taxonomy":"post_tag","embeddable":true,"href":"https:\/\/migracao.redenoticia.com.br\/noticia\/wp-json\/wp\/v2\/tags?post=928"}],"curies":[{"name":"wp","href":"https:\/\/api.w.org\/{rel}","templated":true}]}}