{"id":9283,"date":"2009-08-20T15:40:54","date_gmt":"2009-08-20T19:40:54","guid":{"rendered":"http:\/\/www.redenoticia.com.br\/noticia\/?p=9283"},"modified":"2009-08-20T15:46:25","modified_gmt":"2009-08-20T19:46:25","slug":"segunda-etapa-da-polio-e-adiada-para-o-proximo-mes","status":"publish","type":"post","link":"https:\/\/migracao.redenoticia.com.br\/noticia\/2009\/segunda-etapa-da-polio-e-adiada-para-o-proximo-mes\/9283","title":{"rendered":"Segunda etapa da P\u00f3lio \u00e9 adiada para o pr\u00f3ximo m\u00eas"},"content":{"rendered":"<p>Conforme antecipado ontem (19) pelo \u00a0<a href=\"https:\/\/migracao.redenoticia.com.br\/noticia\/?p=9128\" target=\"_self\">RedeNoticia<\/a>, \u00a0a Divis\u00e3o de Imuniza\u00e7\u00e3o da Secretaria Municipal de Sa\u00fade de Ji-Paran\u00e1 (RO) Semusa, informou hoje, o adiamento da 2\u00aa Etapa da Campanha Nacional de Vacina\u00e7\u00e3o contra a Poliomielite, que aconteceria no pr\u00f3ximo final de semana. De acordo com o Minist\u00e9rio da Sa\u00fade, a etapa final da campanha acontecer\u00e1 no dia 19 de setembro em todo territ\u00f3rio nacional.<\/p>\n<p>O adiamento da 2\u00aa\u00a0 Etapa da Campanha de Combate \u00e0\u00a0P\u00f3lio se d\u00e1, de acordo com o Minist\u00e9rio, por causa da sobrecarga nos servi\u00e7os de aten\u00e7\u00e3o b\u00e1sica causada pela nova gripe, a Influenza A (H1N1) em algumas regi\u00f5es do Pa\u00eds.<\/p>\n<p>Embora nem todos os estados da federa\u00e7\u00e3o sofram sobrecarga nos servi\u00e7os por causa da gripe, como \u00e9\u00a0o caso de Rond\u00f4nia, o Minist\u00e9rio da Sa\u00fade achou por bem o adiamento uma vez que a Campanha, quando realizada simultaneamente em todos os estados, cria uma rede de prote\u00e7\u00e3o contra a doen\u00e7a e garante-se maior imunidade de grupo.<\/p>\n","protected":false},"excerpt":{"rendered":"<p>Conforme antecipado ontem (19) pelo \u00a0RedeNoticia, \u00a0a Divis\u00e3o de Imuniza\u00e7\u00e3o da Secretaria Municipal de Sa\u00fade de Ji-Paran\u00e1 (RO) Semusa, informou hoje, o adiamento da 2\u00aa Etapa da Campanha Nacional de Vacina\u00e7\u00e3o contra a Poliomielite, que aconteceria no pr\u00f3ximo final de semana. De acordo com o Minist\u00e9rio da Sa\u00fade, a etapa final da campanha acontecer\u00e1 no [&hellip;]<\/p>\n","protected":false},"author":2,"featured_media":0,"comment_status":"open","ping_status":"open","sticky":false,"template":"","format":"standard","meta":{"tdm_status":"","tdm_grid_status":"","footnotes":""},"categories":[5],"tags":[],"class_list":{"0":"post-9283","1":"post","2":"type-post","3":"status-publish","4":"format-standard","6":"category-saude-e-vida"},"_links":{"self":[{"href":"https:\/\/migracao.redenoticia.com.br\/noticia\/wp-json\/wp\/v2\/posts\/9283","targetHints":{"allow":["GET"]}}],"collection":[{"href":"https:\/\/migracao.redenoticia.com.br\/noticia\/wp-json\/wp\/v2\/posts"}],"about":[{"href":"https:\/\/migracao.redenoticia.com.br\/noticia\/wp-json\/wp\/v2\/types\/post"}],"author":[{"embeddable":true,"href":"https:\/\/migracao.redenoticia.com.br\/noticia\/wp-json\/wp\/v2\/users\/2"}],"replies":[{"embeddable":true,"href":"https:\/\/migracao.redenoticia.com.br\/noticia\/wp-json\/wp\/v2\/comments?post=9283"}],"version-history":[{"count":0,"href":"https:\/\/migracao.redenoticia.com.br\/noticia\/wp-json\/wp\/v2\/posts\/9283\/revisions"}],"wp:attachment":[{"href":"https:\/\/migracao.redenoticia.com.br\/noticia\/wp-json\/wp\/v2\/media?parent=9283"}],"wp:term":[{"taxonomy":"category","embeddable":true,"href":"https:\/\/migracao.redenoticia.com.br\/noticia\/wp-json\/wp\/v2\/categories?post=9283"},{"taxonomy":"post_tag","embeddable":true,"href":"https:\/\/migracao.redenoticia.com.br\/noticia\/wp-json\/wp\/v2\/tags?post=9283"}],"curies":[{"name":"wp","href":"https:\/\/api.w.org\/{rel}","templated":true}]}}