{"id":9289,"date":"2009-08-20T15:59:34","date_gmt":"2009-08-20T19:59:34","guid":{"rendered":"http:\/\/www.redenoticia.com.br\/noticia\/?p=9289"},"modified":"2009-08-20T15:59:34","modified_gmt":"2009-08-20T19:59:34","slug":"parceria-sipam-icmbio-viabiliza-manejo-de-reserva-biologica-em-rondonia","status":"publish","type":"post","link":"https:\/\/migracao.redenoticia.com.br\/noticia\/2009\/parceria-sipam-icmbio-viabiliza-manejo-de-reserva-biologica-em-rondonia\/9289","title":{"rendered":"Parceria Sipam-ICMBio viabiliza manejo de reserva biol\u00f3gica em Rond\u00f4nia"},"content":{"rendered":"<p>O Sistema de Prote\u00e7\u00e3o da Amaz\u00f4nia (Sipam) entregou nessa semana ao Instituto Chico Mendes de Conserva\u00e7\u00e3o da Biodiversidade (ICMBio) um Sistema de Informa\u00e7\u00f5es Geogr\u00e1ficas (SIG) completo sobre a Reserva Biol\u00f3gica (Rebio) do Jaru. O produto \u00e9 fruto de\u00a0 termo de coopera\u00e7\u00e3o assinado em 2007 entre os \u00f3rg\u00e3os para dar agilidade \u00e0 elabora\u00e7\u00e3o do plano de manejo obrigat\u00f3rio para planejamento das a\u00e7\u00f5es na unidade de conserva\u00e7\u00e3o. \u201cHoje o ICMBio est\u00e1 focado na concretiza\u00e7\u00e3o de mais de 100 planos de manejo de unidades por todo o pa\u00eds, \u00e9 um processo caro e trabalhoso, por isso foi t\u00e3o importante receber a ajuda gratuita do Sipam aqui em Rond\u00f4nia\u201d, revela Luiz S\u00e9rgio Ferreira Martins, analista ambiental da unidade.<\/p>\n<p>Reunindo dados coletados em campo, informa\u00e7\u00f5es de reuni\u00f5es de trabalho e bibliografia j\u00e1 dispon\u00edvel, o trabalho cont\u00e9m 21 mapas e todas as caracter\u00edsticas naturais da unidade. Os limites da reserva, sua hidrografia, geologia, pedologia, vegeta\u00e7\u00e3o, eleva\u00e7\u00e3o do terreno, rodovias pr\u00f3ximas e imagens de sat\u00e9lite est\u00e3o entre as informa\u00e7\u00f5es reunidas pelo Sipam em arquivos digitais que podem ser consultados e atualizados atrav\u00e9s de softwares de geoprocessamento. O material foi entregue ao diretor de unidades de conserva\u00e7\u00e3o do ICMBio, Ricardo Soavinski, durante reuni\u00e3o no Centro Regional do Sipam em Porto Velho. No ato, Janete Rodrigues, chefe de sensoriamento remoto do Sipam, salientou que al\u00e9m da entrega do produto, o Sipam capacitou os 12 servidores do ICMBio para uso do software ArcGis, um dos que permite o manuseamento das imagens e informa\u00e7\u00f5es.<\/p>\n<p>Criada em 1979 e ampliada em 2005, a Reserva Biol\u00f3gica (Rebio) do Jaru tem 293 mil hectares, est\u00e1 localizada nos munic\u00edpios de Ji-Paran\u00e1, Vale do Anari e Machadinho D&#8217;Oeste e conta com mais de 2 mil esp\u00e9cies de peixe e riqu\u00edssima avifauna. Agora todo esse patrim\u00f4nio poder\u00e1 ser melhor protegido com o suporte do plano de manejo, que deve ficar pronto em 2 meses.<\/p>\n","protected":false},"excerpt":{"rendered":"<p>O Sistema de Prote\u00e7\u00e3o da Amaz\u00f4nia (Sipam) entregou nessa semana ao Instituto Chico Mendes de Conserva\u00e7\u00e3o da Biodiversidade (ICMBio) um Sistema de Informa\u00e7\u00f5es Geogr\u00e1ficas (SIG) completo sobre a Reserva Biol\u00f3gica (Rebio) do Jaru. O produto \u00e9 fruto de\u00a0 termo de coopera\u00e7\u00e3o assinado em 2007 entre os \u00f3rg\u00e3os para dar agilidade \u00e0 elabora\u00e7\u00e3o do plano de [&hellip;]<\/p>\n","protected":false},"author":2,"featured_media":0,"comment_status":"open","ping_status":"open","sticky":false,"template":"","format":"standard","meta":{"tdm_status":"","tdm_grid_status":"","footnotes":""},"categories":[22],"tags":[],"class_list":{"0":"post-9289","1":"post","2":"type-post","3":"status-publish","4":"format-standard","6":"category-brasil"},"_links":{"self":[{"href":"https:\/\/migracao.redenoticia.com.br\/noticia\/wp-json\/wp\/v2\/posts\/9289","targetHints":{"allow":["GET"]}}],"collection":[{"href":"https:\/\/migracao.redenoticia.com.br\/noticia\/wp-json\/wp\/v2\/posts"}],"about":[{"href":"https:\/\/migracao.redenoticia.com.br\/noticia\/wp-json\/wp\/v2\/types\/post"}],"author":[{"embeddable":true,"href":"https:\/\/migracao.redenoticia.com.br\/noticia\/wp-json\/wp\/v2\/users\/2"}],"replies":[{"embeddable":true,"href":"https:\/\/migracao.redenoticia.com.br\/noticia\/wp-json\/wp\/v2\/comments?post=9289"}],"version-history":[{"count":0,"href":"https:\/\/migracao.redenoticia.com.br\/noticia\/wp-json\/wp\/v2\/posts\/9289\/revisions"}],"wp:attachment":[{"href":"https:\/\/migracao.redenoticia.com.br\/noticia\/wp-json\/wp\/v2\/media?parent=9289"}],"wp:term":[{"taxonomy":"category","embeddable":true,"href":"https:\/\/migracao.redenoticia.com.br\/noticia\/wp-json\/wp\/v2\/categories?post=9289"},{"taxonomy":"post_tag","embeddable":true,"href":"https:\/\/migracao.redenoticia.com.br\/noticia\/wp-json\/wp\/v2\/tags?post=9289"}],"curies":[{"name":"wp","href":"https:\/\/api.w.org\/{rel}","templated":true}]}}