{"id":9292,"date":"2009-08-20T16:23:43","date_gmt":"2009-08-20T20:23:43","guid":{"rendered":"http:\/\/www.redenoticia.com.br\/noticia\/?p=9292"},"modified":"2009-08-20T16:23:43","modified_gmt":"2009-08-20T20:23:43","slug":"previsao-do-tempo-na-regiao-sudeste-de-21-a-2308","status":"publish","type":"post","link":"https:\/\/migracao.redenoticia.com.br\/noticia\/2009\/previsao-do-tempo-na-regiao-sudeste-de-21-a-2308\/9292","title":{"rendered":"Previs\u00e3o do tempo na Regi\u00e3o Sudeste de 21 a 23\/08"},"content":{"rendered":"<p>21\/08\/2009: No centro-norte do ES e no leste de MG: sol com varia\u00e7\u00e3o de nuvens e pancadas de chuva. No centro-sul do ES e parte do leste de MG: nublado com pancadas de chuva a qualquer hora do dia. No RJ: nublado com chuva forte a qualquer hora. No norte de MG e no extremo sudoeste de SP: sol entre poucas nuvens. Na faixa central e oeste de MG: sol entre muitas nuvens e uma pequena possibilidade de pancadas de chuva. Nas demais \u00e1reas da Regi\u00e3o: nublado com possibilidade de chuva isolada a qualquer hora. As temperaturas estar\u00e3o em decl\u00ednio no centro-sul de MG e no RJ. Temperatura m\u00e1xima: 36C no noroeste de MG. Temperatura m\u00ednima: 10C na Serra da Mantiqueira.\u00a0<\/p>\n<p>22\/08\/2009: No centro-norte de SP e no sudoeste de MG: sol com varia\u00e7\u00e3o de nuvens e pancadas de chuva \u00e0 tarde. No nordeste de MG e no litoral do ES: nublado com chuva e ventos fortes a qualquer hora do dia. Na faixa central de MG: sol entre poucas nuvens. Nas demais \u00e1reas da Regi\u00e3o: muitas nuvens com chuva isolada a qualquer hora. As temperaturas m\u00e1ximas estar\u00e3o em decl\u00ednio no ES e no nordeste de MG.<\/p>\n<p>Tend\u00eancia 23\/08: No litoral do ES: nublado com chuva isolada a qualquer hora do dia. Nas demais \u00e1reas do ES e no centro-norte de MG: sol com varia\u00e7\u00e3o de nuvens. Nas demais \u00e1reas da Regi\u00e3o: sol com varia\u00e7\u00e3o de nuvens e pancadas de chuva. As temperaturas estar\u00e3o amenas na Regi\u00e3o. No dia 24\/08\/2009 haver\u00e1 pancadas de chuva em SP, no RJ e no centro-sul de MG. No dia 25\/08\/2009 haver\u00e1 sol no centro-sul de SP e no norte de MG. Nas demais \u00e1reas ocorrer\u00e3o pancadas de chuva.<\/p>\n<p>CPTEC\/INPE<\/p>\n","protected":false},"excerpt":{"rendered":"<p>21\/08\/2009: No centro-norte do ES e no leste de MG: sol com varia\u00e7\u00e3o de nuvens e pancadas de chuva. No centro-sul do ES e parte do leste de MG: nublado com pancadas de chuva a qualquer hora do dia. No RJ: nublado com chuva forte a qualquer hora. No norte de MG e no extremo [&hellip;]<\/p>\n","protected":false},"author":3,"featured_media":0,"comment_status":"open","ping_status":"open","sticky":false,"template":"","format":"standard","meta":{"tdm_status":"","tdm_grid_status":"","footnotes":""},"categories":[22,327],"tags":[],"class_list":{"0":"post-9292","1":"post","2":"type-post","3":"status-publish","4":"format-standard","6":"category-brasil","7":"category-clima"},"_links":{"self":[{"href":"https:\/\/migracao.redenoticia.com.br\/noticia\/wp-json\/wp\/v2\/posts\/9292","targetHints":{"allow":["GET"]}}],"collection":[{"href":"https:\/\/migracao.redenoticia.com.br\/noticia\/wp-json\/wp\/v2\/posts"}],"about":[{"href":"https:\/\/migracao.redenoticia.com.br\/noticia\/wp-json\/wp\/v2\/types\/post"}],"author":[{"embeddable":true,"href":"https:\/\/migracao.redenoticia.com.br\/noticia\/wp-json\/wp\/v2\/users\/3"}],"replies":[{"embeddable":true,"href":"https:\/\/migracao.redenoticia.com.br\/noticia\/wp-json\/wp\/v2\/comments?post=9292"}],"version-history":[{"count":0,"href":"https:\/\/migracao.redenoticia.com.br\/noticia\/wp-json\/wp\/v2\/posts\/9292\/revisions"}],"wp:attachment":[{"href":"https:\/\/migracao.redenoticia.com.br\/noticia\/wp-json\/wp\/v2\/media?parent=9292"}],"wp:term":[{"taxonomy":"category","embeddable":true,"href":"https:\/\/migracao.redenoticia.com.br\/noticia\/wp-json\/wp\/v2\/categories?post=9292"},{"taxonomy":"post_tag","embeddable":true,"href":"https:\/\/migracao.redenoticia.com.br\/noticia\/wp-json\/wp\/v2\/tags?post=9292"}],"curies":[{"name":"wp","href":"https:\/\/api.w.org\/{rel}","templated":true}]}}