{"id":9296,"date":"2009-08-20T16:28:07","date_gmt":"2009-08-20T20:28:07","guid":{"rendered":"http:\/\/www.redenoticia.com.br\/noticia\/?p=9296"},"modified":"2009-08-20T16:54:39","modified_gmt":"2009-08-20T20:54:39","slug":"previsao-do-tempo-na-regiao-sul-de-21-a-2308","status":"publish","type":"post","link":"https:\/\/migracao.redenoticia.com.br\/noticia\/2009\/previsao-do-tempo-na-regiao-sul-de-21-a-2308\/9296","title":{"rendered":"Previs\u00e3o do tempo na Regi\u00e3o Sul de 21 a 23\/08"},"content":{"rendered":"<p>21\/08\/2009: No nordeste do RS, no leste de SC e no litoral do PR: nublado com chuva isoladas a qualquer hora do dia. No centro-oeste do RS, oeste de SC e do PR: predom\u00ednio de sol. Nas demais \u00e1reas da Regi\u00e3o: sol com varia\u00e7\u00e3o de nuvens. Haver\u00e1 ventos fortes no litoral da Regi\u00e3o. Possibilidade de neve na Serra Geral no per\u00edodo da madrugada deste dia. As temperaturas estar\u00e3o em decl\u00ednio na Regi\u00e3o. Temperatura m\u00e1xima: 18C no norte do PR Temperatura m\u00ednima: 03C na Serra Geral.\u00a0<\/p>\n<p>22\/08\/2009: No litoral de SC e do PR: nublado com chuva isolada a qualquer hora do dia. No oeste e noroeste do PR: sol com varia\u00e7\u00e3o de nuvens e pancadas isoladas de chuva. No norte do PR: sol com varia\u00e7\u00e3o de nuvens e pancadas isoladas de chuva \u00e0 tarde. Nas demais \u00e1reas da Regi\u00e3o: predom\u00ednio de sol. Possibilidade de geada na parte central do RS, de SC e no sul do PR. As temperaturas estar\u00e3o baixas na Regi\u00e3o.<\/p>\n<p>Tend\u00eancia 23\/08: No nordeste do RS e no sudeste de SC: sol com varia\u00e7\u00e3o de nuvens. Nas demais \u00e1reas de SC e no PR: sol com varia\u00e7\u00e3o de nuvens e pancadas de chuva. Nas demais \u00e1reas do RS: predom\u00ednio de sol. As temperaturas continuar\u00e3o baixas na Regi\u00e3o. No dia 24\/08\/2009 haver\u00e1 pancadas de chuva no leste e norte do PR e no sul do RS. No dia 25\/08\/2009 haver\u00e1 sol em toda a Regi\u00e3o.<\/p>\n<p>CPTEC\/INPE<\/p>\n","protected":false},"excerpt":{"rendered":"<p>21\/08\/2009: No nordeste do RS, no leste de SC e no litoral do PR: nublado com chuva isoladas a qualquer hora do dia. No centro-oeste do RS, oeste de SC e do PR: predom\u00ednio de sol. Nas demais \u00e1reas da Regi\u00e3o: sol com varia\u00e7\u00e3o de nuvens. Haver\u00e1 ventos fortes no litoral da Regi\u00e3o. Possibilidade de [&hellip;]<\/p>\n","protected":false},"author":3,"featured_media":0,"comment_status":"open","ping_status":"open","sticky":false,"template":"","format":"standard","meta":{"tdm_status":"","tdm_grid_status":"","footnotes":""},"categories":[22,327],"tags":[],"class_list":{"0":"post-9296","1":"post","2":"type-post","3":"status-publish","4":"format-standard","6":"category-brasil","7":"category-clima"},"_links":{"self":[{"href":"https:\/\/migracao.redenoticia.com.br\/noticia\/wp-json\/wp\/v2\/posts\/9296","targetHints":{"allow":["GET"]}}],"collection":[{"href":"https:\/\/migracao.redenoticia.com.br\/noticia\/wp-json\/wp\/v2\/posts"}],"about":[{"href":"https:\/\/migracao.redenoticia.com.br\/noticia\/wp-json\/wp\/v2\/types\/post"}],"author":[{"embeddable":true,"href":"https:\/\/migracao.redenoticia.com.br\/noticia\/wp-json\/wp\/v2\/users\/3"}],"replies":[{"embeddable":true,"href":"https:\/\/migracao.redenoticia.com.br\/noticia\/wp-json\/wp\/v2\/comments?post=9296"}],"version-history":[{"count":0,"href":"https:\/\/migracao.redenoticia.com.br\/noticia\/wp-json\/wp\/v2\/posts\/9296\/revisions"}],"wp:attachment":[{"href":"https:\/\/migracao.redenoticia.com.br\/noticia\/wp-json\/wp\/v2\/media?parent=9296"}],"wp:term":[{"taxonomy":"category","embeddable":true,"href":"https:\/\/migracao.redenoticia.com.br\/noticia\/wp-json\/wp\/v2\/categories?post=9296"},{"taxonomy":"post_tag","embeddable":true,"href":"https:\/\/migracao.redenoticia.com.br\/noticia\/wp-json\/wp\/v2\/tags?post=9296"}],"curies":[{"name":"wp","href":"https:\/\/api.w.org\/{rel}","templated":true}]}}