{"id":9299,"date":"2009-08-20T16:30:42","date_gmt":"2009-08-20T20:30:42","guid":{"rendered":"http:\/\/www.redenoticia.com.br\/noticia\/?p=9299"},"modified":"2009-08-24T14:10:07","modified_gmt":"2009-08-24T18:10:07","slug":"previsao-do-tempo-na-regiao-nordeste-de-21-a-2308","status":"publish","type":"post","link":"https:\/\/migracao.redenoticia.com.br\/noticia\/2009\/previsao-do-tempo-na-regiao-nordeste-de-21-a-2308\/9299","title":{"rendered":"Previs\u00e3o do tempo na Regi\u00e3o Nordeste de 21 a 23\/08"},"content":{"rendered":"<p>21\/08\/2009: No litoral de SE, de AL, de PE , da PB e do RN: sol com nebulosidade vari\u00e1vel e uma pequena possibilidade de pancadas de chuva. No centro-oeste da BA, no norte do CE, no PI e no MA: sol entre poucas nuvens. Nas demais \u00e1reas da Regi\u00e3o: sol com varia\u00e7\u00e3o de nuvens. As temperaturas seguir\u00e3o est\u00e1veis. Temperatura m\u00e1xima: 37C no PI. Temperatura m\u00ednima: 18C no centro da BA.\u00a0<\/p>\n<p>Tend\u00eancia 22 e 23\/08: No norte e sul do MA, do PI, no noroeste do CE, no centro-oeste da BA, leste do RN, da PB, de PE e de AL: sol com varia\u00e7\u00e3o de nuvens e uma pequena possibilidade de pancadas de chuva. No sul da BA: nublado com chuva forte a qualquer hora do dia. As temperaturas m\u00e1ximas estar\u00e3o em decl\u00ednio no sul da BA. No dia 23\/08\/2009 haver\u00e1 chuva na faixa leste da Regi\u00e3o. No dia 24\/08\/2009 haver\u00e1 pancadas de chuva no leste da BA.<\/p>\n<p>O Centro de Previs\u00e3o de Tempo e Estudos Clim\u00e1ticos \u2013 CPTEC, do Instituto Nacional de Pesquisas Espaciais \u2013 INPE \u00e9 o passaporte do Brasil para o primeiro mundo das previs\u00f5es meteorol\u00f3gicas. Os supercomputadores vetoriais SX-6 e SX-4 fabricados pela NEC Corporation do Jap\u00e3o, possuem capacidade de processar at\u00e9 768 bilh\u00f5es e 16 bilh\u00f5es de opera\u00e7\u00f5es aritm\u00e9ticas em ponto flutuante por segundo respectivamente. Recentemente adquirido da \u201cNEC Corporation do Jap\u00e3o\u201d um cluster com 1100 processadores fabricado pela \u201cSUN Microsystem\u201d com a capacidade de processar at\u00e9 5.7 trilh\u00f5es de opera\u00e7\u00f5es aritm\u00e9ticas em ponto flutuante por segundo. Isso significa possibilidade de utilizar modelos num\u00e9ricos para simula\u00e7\u00e3o de tempo e clima, integrando informa\u00e7\u00f5es atmosf\u00e9ricas e oce\u00e2nicas. O resultado disso s\u00e3o previs\u00f5es de tempo confi\u00e1veis, para todo o pa\u00eds.\u00a0<\/p>\n<p>O sistema de computa\u00e7\u00e3o \u00e9 alimentado por informa\u00e7\u00f5es derivadas dos sat\u00e9lites Meteosat e Goes, da rede de dados da Organiza\u00e7\u00e3o Meteorol\u00f3gica Mundial (WMO) e das redes nacionais sob a responsabilidade do INMET (Minist\u00e9rio da Agricultura). Outras informa\u00e7\u00f5es v\u00eam do DEPV (Minist\u00e9rio da Aeron\u00e1utica), DHN (Minist\u00e9rio da Marinha), centros estaduais de meteorologia e de outros centros internacionais. O sat\u00e9lite brasileiro (SCD-1), que coleta dados ambientais, tamb\u00e9m desempenha papel importante no levantamento de informa\u00e7\u00f5es necess\u00e1rias \u00e0 pesquisa meteorol\u00f3gica no INPE.<\/p>\n<p>CPTEC\/INPE<\/p>\n","protected":false},"excerpt":{"rendered":"<p>21\/08\/2009: No litoral de SE, de AL, de PE , da PB e do RN: sol com nebulosidade vari\u00e1vel e uma pequena possibilidade de pancadas de chuva. No centro-oeste da BA, no norte do CE, no PI e no MA: sol entre poucas nuvens. Nas demais \u00e1reas da Regi\u00e3o: sol com varia\u00e7\u00e3o de nuvens. As [&hellip;]<\/p>\n","protected":false},"author":3,"featured_media":0,"comment_status":"open","ping_status":"open","sticky":false,"template":"","format":"standard","meta":{"tdm_status":"","tdm_grid_status":"","footnotes":""},"categories":[22,327],"tags":[],"class_list":{"0":"post-9299","1":"post","2":"type-post","3":"status-publish","4":"format-standard","6":"category-brasil","7":"category-clima"},"_links":{"self":[{"href":"https:\/\/migracao.redenoticia.com.br\/noticia\/wp-json\/wp\/v2\/posts\/9299","targetHints":{"allow":["GET"]}}],"collection":[{"href":"https:\/\/migracao.redenoticia.com.br\/noticia\/wp-json\/wp\/v2\/posts"}],"about":[{"href":"https:\/\/migracao.redenoticia.com.br\/noticia\/wp-json\/wp\/v2\/types\/post"}],"author":[{"embeddable":true,"href":"https:\/\/migracao.redenoticia.com.br\/noticia\/wp-json\/wp\/v2\/users\/3"}],"replies":[{"embeddable":true,"href":"https:\/\/migracao.redenoticia.com.br\/noticia\/wp-json\/wp\/v2\/comments?post=9299"}],"version-history":[{"count":0,"href":"https:\/\/migracao.redenoticia.com.br\/noticia\/wp-json\/wp\/v2\/posts\/9299\/revisions"}],"wp:attachment":[{"href":"https:\/\/migracao.redenoticia.com.br\/noticia\/wp-json\/wp\/v2\/media?parent=9299"}],"wp:term":[{"taxonomy":"category","embeddable":true,"href":"https:\/\/migracao.redenoticia.com.br\/noticia\/wp-json\/wp\/v2\/categories?post=9299"},{"taxonomy":"post_tag","embeddable":true,"href":"https:\/\/migracao.redenoticia.com.br\/noticia\/wp-json\/wp\/v2\/tags?post=9299"}],"curies":[{"name":"wp","href":"https:\/\/api.w.org\/{rel}","templated":true}]}}