{"id":93049,"date":"2016-08-17T21:00:24","date_gmt":"2016-08-18T00:00:24","guid":{"rendered":"http:\/\/www.redenoticia.com.br\/noticia\/?p=93049"},"modified":"2016-08-17T14:57:47","modified_gmt":"2016-08-17T17:57:47","slug":"novela-velho-chico-resumo-1808-encarnacao-ve-a-alma-do-filho-e-a-liberta","status":"publish","type":"post","link":"https:\/\/migracao.redenoticia.com.br\/noticia\/2016\/novela-velho-chico-resumo-1808-encarnacao-ve-a-alma-do-filho-e-a-liberta\/93049","title":{"rendered":"Novela \u201cVelho Chico\u201d resumo 18\/08: Encarna\u00e7\u00e3o v\u00ea a alma de In\u00e1cio"},"content":{"rendered":"<p><img loading=\"lazy\" decoding=\"async\" class=\"alignleft size-thumbnail wp-image-82169\" src=\"https:\/\/migracao.redenoticia.com.br\/noticia\/imagens\/velho_chico_novela_resumo_globo-150x112.jpg\" alt=\"velho_chico_novela_resumo_globo\" width=\"150\" height=\"112\" srcset=\"https:\/\/migracao.redenoticia.com.br\/noticia\/imagens\/velho_chico_novela_resumo_globo-150x112.jpg 150w, https:\/\/migracao.redenoticia.com.br\/noticia\/imagens\/velho_chico_novela_resumo_globo-265x198.jpg 265w\" sizes=\"auto, (max-width: 150px) 100vw, 150px\" \/><strong><em>Novela \u201cVelho Chico\u201d resumo 18\/08<\/em><\/strong>:\u00a0Martim d\u00e1 um ultimato a Encarna\u00e7\u00e3o e convence a av\u00f3 a quebrar a parede que lacra o quarto do filho, que morreu afogado h\u00e1 mais de 60 anos. Afr\u00e2nio fica irritado com a atitude do fot\u00f3grafo de quebrar a parede do quarto de In\u00e1cio. Iolanda vai atr\u00e1s da sogra no jardim e comemora a despedida desse luto de tantos anos. Assim que ele come\u00e7a a marretar a parede, Dalva, C\u00edcero e Doninha ouvem o choro da crian\u00e7a. Do lado de dentro do c\u00f4modo, um vulto se encolhe em um canto como se estivesse de castigo. A luz do dia entra no local e um vento avassalador abre as janelas. Encarna\u00e7\u00e3o v\u00ea a alma do filho e a liberta.<\/p>\n<p>No cap\u00edtulo 135(*), novela \u201cVelho Chico\u201d, quinta-feira, 18 de agosto \u2013 Martim enfrenta Afr\u00e2nio. Carlos critica Afr\u00e2nio por n\u00e3o fazer nada contra o filho. Martim d\u00e1 um ultimato a Encarna\u00e7\u00e3o. Afr\u00e2nio afirma a Carlos que ele ser\u00e1 o seu herdeiro. Piedade e Tereza acreditam que Santo esteja vivo.<\/p>\n<p>Tereza e Z\u00e9 Pirangueiro saem em busca de Santo. Martim decide derrubar a parede que Encarna\u00e7\u00e3o mandou construir no quarto de In\u00e1cio. Iolanda conforta a sogra. Isabel tenta convencer Sophie a desistir de ir embora.<\/p>\n<p>Tereza afirma a Bento que eles encontrar\u00e3o Santo vivo. Isabel pede a Sophie para dar uma chance a Lucas. Tereza incentiva Miguel a assumir o lugar de Santo na cooperativa. Encarna\u00e7\u00e3o suplica a Martim para esquecer o passado e assumir os neg\u00f3cios da fam\u00edlia. Afr\u00e2nio ouve Tereza reneg\u00e1-lo para Iolanda. Miguel e Bento tentam descobrir um modo de salvar a cooperativa. Piedade tenta convencer Luzia a revelar seus segredos.<\/p>\n<p>(*) edi\u00e7\u00e3o da Rede Globo, Novela \u201cVelho Chico\u201d, sujeito a altera\u00e7\u00e3o de data e conte\u00fado.<\/p>\n","protected":false},"excerpt":{"rendered":"<p>Novela \u201cVelho Chico\u201d resumo 18\/08:\u00a0Martim d\u00e1 um ultimato a Encarna\u00e7\u00e3o e convence a av\u00f3 a quebrar a parede que lacra o quarto do filho, que morreu afogado h\u00e1 mais de 60 anos. Afr\u00e2nio fica irritado com a atitude do fot\u00f3grafo de quebrar a parede do quarto de In\u00e1cio. Iolanda vai atr\u00e1s da sogra no jardim [&hellip;]<\/p>\n","protected":false},"author":4,"featured_media":82169,"comment_status":"open","ping_status":"closed","sticky":false,"template":"","format":"standard","meta":{"tdm_status":"","tdm_grid_status":"","footnotes":""},"categories":[379,375,343],"tags":[441],"class_list":{"0":"post-93049","1":"post","2":"type-post","3":"status-publish","4":"format-standard","5":"has-post-thumbnail","7":"category-novelas","8":"category-rede-globo","9":"category-televisao","10":"tag-resumo-do-dia"},"_links":{"self":[{"href":"https:\/\/migracao.redenoticia.com.br\/noticia\/wp-json\/wp\/v2\/posts\/93049","targetHints":{"allow":["GET"]}}],"collection":[{"href":"https:\/\/migracao.redenoticia.com.br\/noticia\/wp-json\/wp\/v2\/posts"}],"about":[{"href":"https:\/\/migracao.redenoticia.com.br\/noticia\/wp-json\/wp\/v2\/types\/post"}],"author":[{"embeddable":true,"href":"https:\/\/migracao.redenoticia.com.br\/noticia\/wp-json\/wp\/v2\/users\/4"}],"replies":[{"embeddable":true,"href":"https:\/\/migracao.redenoticia.com.br\/noticia\/wp-json\/wp\/v2\/comments?post=93049"}],"version-history":[{"count":0,"href":"https:\/\/migracao.redenoticia.com.br\/noticia\/wp-json\/wp\/v2\/posts\/93049\/revisions"}],"wp:featuredmedia":[{"embeddable":true,"href":"https:\/\/migracao.redenoticia.com.br\/noticia\/wp-json\/wp\/v2\/media\/82169"}],"wp:attachment":[{"href":"https:\/\/migracao.redenoticia.com.br\/noticia\/wp-json\/wp\/v2\/media?parent=93049"}],"wp:term":[{"taxonomy":"category","embeddable":true,"href":"https:\/\/migracao.redenoticia.com.br\/noticia\/wp-json\/wp\/v2\/categories?post=93049"},{"taxonomy":"post_tag","embeddable":true,"href":"https:\/\/migracao.redenoticia.com.br\/noticia\/wp-json\/wp\/v2\/tags?post=93049"}],"curies":[{"name":"wp","href":"https:\/\/api.w.org\/{rel}","templated":true}]}}