{"id":9307,"date":"2009-08-20T16:56:26","date_gmt":"2009-08-20T20:56:26","guid":{"rendered":"http:\/\/www.redenoticia.com.br\/noticia\/?p=9307"},"modified":"2009-08-20T16:56:26","modified_gmt":"2009-08-20T20:56:26","slug":"previsao-do-tempo-na-regiao-centro-oeste-de-21-a-2308","status":"publish","type":"post","link":"https:\/\/migracao.redenoticia.com.br\/noticia\/2009\/previsao-do-tempo-na-regiao-centro-oeste-de-21-a-2308\/9307","title":{"rendered":"Previs\u00e3o do tempo na Regi\u00e3o Centro-Oeste de 21 a 23\/08"},"content":{"rendered":"<p>21\/08\/2009: No norte de GO, nordeste de MT e no centro-sul de MS: predom\u00ednio de sol. No nordeste de MS: nublado com uma pequena possibilidade de pancadas de chuva. No noroeste de MS e no sudoeste de MT: sol entre muitas nuvens. Nas demais \u00e1reas da Regi\u00e3o: sol com nebulosidade vari\u00e1vel e uma pequena possibilidade de pancadas de chuva. As temperaturas estar\u00e3o em decl\u00ednio no sul de MT e baixas em MS. Temperatura m\u00e1xima: 38C no norte de MT. Temperatura m\u00ednima: 06C no sul de MS.\u00a0<\/p>\n<p>22\/08\/2009: Em MS e no norte de MT: sol com varia\u00e7\u00e3o de nuvens e pancadas isoladas de chuva. No nordeste de MT e no extremo norte de GO: sol com nebulosidade vari\u00e1vel e uma pequena possibilidade de pancadas de chuva. Nas demais \u00e1reas da Regi\u00e3o: sol entre poucas nuvens. As temperaturas estar\u00e3o est\u00e1veis.<\/p>\n<p>Tend\u00eancia 23\/08: Em MS, sul de MT e de GO: sol com varia\u00e7\u00e3o de nuvens e pancadas isoladas de chuva. No centro-norte de GO e no centro-leste de MT: sol com varia\u00e7\u00e3o de nuvens. Nas demais \u00e1reas de MT: sol entre poucas nuvens. As temperaturas estar\u00e3o est\u00e1veis. No dia 24\/08\/2009 haver\u00e1 pancadas de chuva em MS. No dia 25\/08\/2009 as pancadas de chuva ocorrer\u00e3o em MT e em GO.<\/p>\n<p>CPTEC\/INPE<\/p>\n","protected":false},"excerpt":{"rendered":"<p>21\/08\/2009: No norte de GO, nordeste de MT e no centro-sul de MS: predom\u00ednio de sol. No nordeste de MS: nublado com uma pequena possibilidade de pancadas de chuva. No noroeste de MS e no sudoeste de MT: sol entre muitas nuvens. Nas demais \u00e1reas da Regi\u00e3o: sol com nebulosidade vari\u00e1vel e uma pequena possibilidade [&hellip;]<\/p>\n","protected":false},"author":3,"featured_media":0,"comment_status":"open","ping_status":"open","sticky":false,"template":"","format":"standard","meta":{"tdm_status":"","tdm_grid_status":"","footnotes":""},"categories":[22,327],"tags":[],"class_list":{"0":"post-9307","1":"post","2":"type-post","3":"status-publish","4":"format-standard","6":"category-brasil","7":"category-clima"},"_links":{"self":[{"href":"https:\/\/migracao.redenoticia.com.br\/noticia\/wp-json\/wp\/v2\/posts\/9307","targetHints":{"allow":["GET"]}}],"collection":[{"href":"https:\/\/migracao.redenoticia.com.br\/noticia\/wp-json\/wp\/v2\/posts"}],"about":[{"href":"https:\/\/migracao.redenoticia.com.br\/noticia\/wp-json\/wp\/v2\/types\/post"}],"author":[{"embeddable":true,"href":"https:\/\/migracao.redenoticia.com.br\/noticia\/wp-json\/wp\/v2\/users\/3"}],"replies":[{"embeddable":true,"href":"https:\/\/migracao.redenoticia.com.br\/noticia\/wp-json\/wp\/v2\/comments?post=9307"}],"version-history":[{"count":0,"href":"https:\/\/migracao.redenoticia.com.br\/noticia\/wp-json\/wp\/v2\/posts\/9307\/revisions"}],"wp:attachment":[{"href":"https:\/\/migracao.redenoticia.com.br\/noticia\/wp-json\/wp\/v2\/media?parent=9307"}],"wp:term":[{"taxonomy":"category","embeddable":true,"href":"https:\/\/migracao.redenoticia.com.br\/noticia\/wp-json\/wp\/v2\/categories?post=9307"},{"taxonomy":"post_tag","embeddable":true,"href":"https:\/\/migracao.redenoticia.com.br\/noticia\/wp-json\/wp\/v2\/tags?post=9307"}],"curies":[{"name":"wp","href":"https:\/\/api.w.org\/{rel}","templated":true}]}}