{"id":93117,"date":"2016-08-18T06:06:35","date_gmt":"2016-08-18T09:06:35","guid":{"rendered":"http:\/\/www.redenoticia.com.br\/noticia\/?p=93117"},"modified":"2016-08-17T20:07:48","modified_gmt":"2016-08-17T23:07:48","slug":"parceira-do-programa-recomeco-inova-no-tratamento-de-jovens-dependentes","status":"publish","type":"post","link":"https:\/\/migracao.redenoticia.com.br\/noticia\/2016\/parceira-do-programa-recomeco-inova-no-tratamento-de-jovens-dependentes\/93117","title":{"rendered":"Parceira do programa Recome\u00e7o inova no tratamento de jovens dependentes"},"content":{"rendered":"<p> O t\u00e9cnico mec\u00e2nico Cristiano (25), ap\u00f3s 13 anos de abuso de \u00e1lcool e drogas, encontrou no jud\u00f4 uma forma de se reintegrar \u00e0 fam\u00edlia e a sociedade. Ele \u00e9 um dos jovens que fazem tratamento na Comunidade Terap\u00eautica Renovar, em Mairipor\u00e3, parceira do <strong><em>Programa Recome\u00e7o<\/em><\/strong>, do Governo do Estado de S\u00e3o Paulo, desenvolvido pela Secretaria de Estado de Desenvolvimento Social. <\/p>\n<p>O Programa Recome\u00e7o oferece 1.335 vagas em 52 Comunidades Terap\u00eauticas, entre elas a Renovar, com foco na recupera\u00e7\u00e3o e reinser\u00e7\u00e3o social de jovens dependentes qu\u00edmicos.<\/p>\n<p>J\u00e1 foram investidos no campo social mais de R$ 22 milh\u00f5es, incluindo os servi\u00e7os intermediados pela Febract (Federa\u00e7\u00e3o Brasileira de Comunidades Terap\u00eauticas), conveniada com o Programa Recome\u00e7o.<\/p>\n<p>Com a pr\u00e1tica de esportes, como o jud\u00f4, o jovem aprende a ter mais disciplina, concentra\u00e7\u00e3o e a valorizar o companheirismo e a lealdade. H\u00e1 seis meses, uma vez por semana, mais de 20 jovens praticam essa atividade como aux\u00edlio \u00e0 recupera\u00e7\u00e3o, e, como Cristiano, est\u00e3o mostrando resultados significativos no comportamento di\u00e1rio.<\/p>\n<p>O\u00a0 mestre\u00a0 do Jud\u00f4 da \u201cRenovar\u201d, Gilberto Tadeu de Freitas, afirma que os jovens\u00a0 t\u00eam respondido de maneira positiva ao esporte. \u201cNo Jud\u00f4 aplicamos a\u00a0 disciplina,\u00a0 o respeito ao parceiro, e isso auxilia no desenvolvimento integral\u00a0 do\u00a0 ser\u00a0 humano,\u00a0 em\u00a0 especial,\u00a0 dos\u00a0 residentes\u00a0 que\u00a0 est\u00e3o em tratamento\u00a0 com\u00a0 transtornos\u00a0 decorrentes\u00a0 do uso abusivo do \u00e1lcool entre outras substancias psicoativas\u201d, explica o instrutor.<\/p>\n<p>Saiba o que o Governo do Estado est\u00e1 fazendo para enfrentar a quest\u00e3o do crack e de outras drogas no site do\u00a0.<\/p>\n<p>Do Portal do Governo do Estado SP<\/p>\n","protected":false},"excerpt":{"rendered":"<p>O t\u00e9cnico mec\u00e2nico Cristiano (25), ap\u00f3s 13 anos de abuso de \u00e1lcool e drogas, encontrou no jud\u00f4 uma forma de se reintegrar \u00e0 fam\u00edlia e a sociedade. Ele \u00e9 um dos jovens que fazem tratamento na Comunidade Terap\u00eautica Renovar, em Mairipor\u00e3, parceira do Programa Recome\u00e7o, do Governo do Estado de S\u00e3o Paulo, desenvolvido pela Secretaria [&hellip;]<\/p>\n","protected":false},"author":2,"featured_media":37376,"comment_status":"open","ping_status":"closed","sticky":false,"template":"","format":"standard","meta":{"tdm_status":"","tdm_grid_status":"","footnotes":""},"categories":[22,5],"tags":[],"class_list":{"0":"post-93117","1":"post","2":"type-post","3":"status-publish","4":"format-standard","5":"has-post-thumbnail","7":"category-brasil","8":"category-saude-e-vida"},"_links":{"self":[{"href":"https:\/\/migracao.redenoticia.com.br\/noticia\/wp-json\/wp\/v2\/posts\/93117","targetHints":{"allow":["GET"]}}],"collection":[{"href":"https:\/\/migracao.redenoticia.com.br\/noticia\/wp-json\/wp\/v2\/posts"}],"about":[{"href":"https:\/\/migracao.redenoticia.com.br\/noticia\/wp-json\/wp\/v2\/types\/post"}],"author":[{"embeddable":true,"href":"https:\/\/migracao.redenoticia.com.br\/noticia\/wp-json\/wp\/v2\/users\/2"}],"replies":[{"embeddable":true,"href":"https:\/\/migracao.redenoticia.com.br\/noticia\/wp-json\/wp\/v2\/comments?post=93117"}],"version-history":[{"count":0,"href":"https:\/\/migracao.redenoticia.com.br\/noticia\/wp-json\/wp\/v2\/posts\/93117\/revisions"}],"wp:featuredmedia":[{"embeddable":true,"href":"https:\/\/migracao.redenoticia.com.br\/noticia\/wp-json\/wp\/v2\/media\/37376"}],"wp:attachment":[{"href":"https:\/\/migracao.redenoticia.com.br\/noticia\/wp-json\/wp\/v2\/media?parent=93117"}],"wp:term":[{"taxonomy":"category","embeddable":true,"href":"https:\/\/migracao.redenoticia.com.br\/noticia\/wp-json\/wp\/v2\/categories?post=93117"},{"taxonomy":"post_tag","embeddable":true,"href":"https:\/\/migracao.redenoticia.com.br\/noticia\/wp-json\/wp\/v2\/tags?post=93117"}],"curies":[{"name":"wp","href":"https:\/\/api.w.org\/{rel}","templated":true}]}}