{"id":93129,"date":"2016-08-17T20:42:58","date_gmt":"2016-08-17T23:42:58","guid":{"rendered":"http:\/\/www.redenoticia.com.br\/noticia\/?p=93129"},"modified":"2016-08-18T21:02:22","modified_gmt":"2016-08-19T00:02:22","slug":"novela-sila-resumo-1808-celil-e-bedar-celebram-o-aniversario-de-casamento","status":"publish","type":"post","link":"https:\/\/migracao.redenoticia.com.br\/noticia\/2016\/novela-sila-resumo-1808-celil-e-bedar-celebram-o-aniversario-de-casamento\/93129","title":{"rendered":"Novela \u201cSila\u201d resumo 18\/08: Celil e Bedar celebram o anivers\u00e1rio de casamento"},"content":{"rendered":"<p><img loading=\"lazy\" decoding=\"async\" class=\"alignleft size-thumbnail wp-image-83098\" src=\"https:\/\/migracao.redenoticia.com.br\/noticia\/imagens\/sila_band_novela_resumo_capitulo-150x112.jpg\" alt=\"sila_band_novela_resumo_capitulo\" width=\"150\" height=\"112\" srcset=\"https:\/\/migracao.redenoticia.com.br\/noticia\/imagens\/sila_band_novela_resumo_capitulo-150x112.jpg 150w, https:\/\/migracao.redenoticia.com.br\/noticia\/imagens\/sila_band_novela_resumo_capitulo-265x198.jpg 265w\" sizes=\"auto, (max-width: 150px) 100vw, 150px\" \/><strong><em> Novela \u201cSila\u201d resumo 18\/08<\/em><\/strong>: Celil tenta alegrar a esposa, compra muitos bal\u00f5es para Bedar e eles brincam juntos. Emir se envolve na brincadeira. Celil leva Bedar para um passeio e eles se divertem. Logo depois, Sila descobre que a casa de Mardin foi vendida. Ela desconfia que algo est\u00e1 errado. Celil e Bedar celebram o anivers\u00e1rio de casamento e a fam\u00edlia v\u00ea os dois dan\u00e7ando felizes. Boran conta a Sila sobre a doen\u00e7a de Bedar. <\/p>\n<p>No capitulo 122 (*), novela \u201cSila\u201d, quinta-feira, 18 de agosto &#8211; Zeinep termina o noivado com Omer. Celil leva Bedar para um passeio e eles se divertem. Narin conversa com Azad. Boran diz a Sila que precisa continuar na terapia. Zeinep procura orientador para falar de Boran. Omer procura Boran para tirar satisfa\u00e7\u00f5es. Esma conta a Zeinep que Sila est\u00e1 investigando a vida dela. <\/p>\n<p>Sila vai ao consult\u00f3rio de Zeinep pedir que ela encerre a terapia de Boran e as duas discutem. Sila descobre que a casa de Mardin foi vendida. Celil e Bedar celebram o anivers\u00e1rio de casamento e a fam\u00edlia v\u00ea os dois dan\u00e7ando felizes. Boran conta a Sila sobre a doen\u00e7a de Bedar. Boran vai ao consult\u00f3rio de Zeinep para falar de Omer. Emir se envolve em uma briga para proteger Dilan. Sila discute com Dilaver sobre os neg\u00f3cios da empresa.<\/p>\n<p> Boran marca um encontro com Dilaver e exige que ele renuncie ao cargo de presidente da empresa de Sila. Narin come\u00e7a a trabalhar dando apoio a mulheres em perigo. Celil se irrita ao ver Dilan conversando com um menino e amea\u00e7a tir\u00e1-la da escola. Os inimigos de Boran invadem a casa dele e um dos seguran\u00e7as \u00e9 baleado. Sila e Narin conversam na sacada e tornam-se um alvo f\u00e1cil para os atiradores.<\/p>\n<p>(*) edi\u00e7\u00e3o da Band, Novela \u201cSila\u201d, sujeito a altera\u00e7\u00e3o de data e conte\u00fado.<\/p>\n","protected":false},"excerpt":{"rendered":"<p>Novela \u201cSila\u201d resumo 18\/08: Celil tenta alegrar a esposa, compra muitos bal\u00f5es para Bedar e eles brincam juntos. Emir se envolve na brincadeira. Celil leva Bedar para um passeio e eles se divertem. Logo depois, Sila descobre que a casa de Mardin foi vendida. Ela desconfia que algo est\u00e1 errado. Celil e Bedar celebram o [&hellip;]<\/p>\n","protected":false},"author":2,"featured_media":83098,"comment_status":"open","ping_status":"closed","sticky":false,"template":"","format":"standard","meta":{"tdm_status":"","tdm_grid_status":"","footnotes":""},"categories":[390,379,343],"tags":[441],"class_list":{"0":"post-93129","1":"post","2":"type-post","3":"status-publish","4":"format-standard","5":"has-post-thumbnail","7":"category-band","8":"category-novelas","9":"category-televisao","10":"tag-resumo-do-dia"},"_links":{"self":[{"href":"https:\/\/migracao.redenoticia.com.br\/noticia\/wp-json\/wp\/v2\/posts\/93129","targetHints":{"allow":["GET"]}}],"collection":[{"href":"https:\/\/migracao.redenoticia.com.br\/noticia\/wp-json\/wp\/v2\/posts"}],"about":[{"href":"https:\/\/migracao.redenoticia.com.br\/noticia\/wp-json\/wp\/v2\/types\/post"}],"author":[{"embeddable":true,"href":"https:\/\/migracao.redenoticia.com.br\/noticia\/wp-json\/wp\/v2\/users\/2"}],"replies":[{"embeddable":true,"href":"https:\/\/migracao.redenoticia.com.br\/noticia\/wp-json\/wp\/v2\/comments?post=93129"}],"version-history":[{"count":0,"href":"https:\/\/migracao.redenoticia.com.br\/noticia\/wp-json\/wp\/v2\/posts\/93129\/revisions"}],"wp:featuredmedia":[{"embeddable":true,"href":"https:\/\/migracao.redenoticia.com.br\/noticia\/wp-json\/wp\/v2\/media\/83098"}],"wp:attachment":[{"href":"https:\/\/migracao.redenoticia.com.br\/noticia\/wp-json\/wp\/v2\/media?parent=93129"}],"wp:term":[{"taxonomy":"category","embeddable":true,"href":"https:\/\/migracao.redenoticia.com.br\/noticia\/wp-json\/wp\/v2\/categories?post=93129"},{"taxonomy":"post_tag","embeddable":true,"href":"https:\/\/migracao.redenoticia.com.br\/noticia\/wp-json\/wp\/v2\/tags?post=93129"}],"curies":[{"name":"wp","href":"https:\/\/api.w.org\/{rel}","templated":true}]}}