{"id":93208,"date":"2016-08-22T19:27:09","date_gmt":"2016-08-22T22:27:09","guid":{"rendered":"http:\/\/www.redenoticia.com.br\/noticia\/?p=93208"},"modified":"2016-08-22T20:14:01","modified_gmt":"2016-08-22T23:14:01","slug":"novela-sila-resumo-2208-azad-aparece-para-narin-e-ela-escapa-da-morte","status":"publish","type":"post","link":"https:\/\/migracao.redenoticia.com.br\/noticia\/2016\/novela-sila-resumo-2208-azad-aparece-para-narin-e-ela-escapa-da-morte\/93208","title":{"rendered":"Novela \u201cSila\u201d resumo 23\/08: Azad aparece para Narin e ela escapa da morte"},"content":{"rendered":"<p><img loading=\"lazy\" decoding=\"async\" class=\"alignleft size-thumbnail wp-image-83098\" src=\"https:\/\/migracao.redenoticia.com.br\/noticia\/imagens\/sila_band_novela_resumo_capitulo-150x112.jpg\" alt=\"sila_band_novela_resumo_capitulo\" width=\"150\" height=\"112\" srcset=\"https:\/\/migracao.redenoticia.com.br\/noticia\/imagens\/sila_band_novela_resumo_capitulo-150x112.jpg 150w, https:\/\/migracao.redenoticia.com.br\/noticia\/imagens\/sila_band_novela_resumo_capitulo-265x198.jpg 265w\" sizes=\"auto, (max-width: 150px) 100vw, 150px\" \/><strong><em> Novela \u201cSila\u201d resumo 23\/08<\/em><\/strong>: Narin se empenha para cuidar do sobrinho. Ela tamb\u00e9m ajuda Bedar e Celil a cuidar dos filhos Emir e Dilan. Depois de um tempo em Istambul, Narin come\u00e7a a trabalhar e apoia mulheres em perigo. Enquanto isso, os inimigos de Boran invadem a casa e um dos seguran\u00e7as \u00e9 baleado. Sila e Narin conversam na sacada e tornam-se um alvo dos atiradores. Azad aparece para Narin e ela escapa da morte.<\/p>\n<p>No capitulo 123 (*), novela \u201cSila\u201d, ter\u00e7a-feira, 23 de agosto &#8211; Sila descobre que a casa de Mardin foi vendida. Celil e Bedar celebram o anivers\u00e1rio de casamento e a fam\u00edlia v\u00ea os dois dan\u00e7ando felizes. Boran conta a Sila sobre a doen\u00e7a de Bedar. Boran vai ao consult\u00f3rio de Zeinep para falar de Omer. Emir se envolve em uma briga para proteger Dilan. Sila discute com Dilaver sobre os neg\u00f3cios da empresa.<\/p>\n<p> Boran marca um encontro com Dilaver e exige que ele renuncie ao cargo de presidente da empresa de Sila. Narin come\u00e7a a trabalhar dando apoio a mulheres em perigo. Celil se irrita ao ver Dilan conversando com um menino e amea\u00e7a tir\u00e1-la da escola. Os inimigos de Boran invadem a casa dele e um dos seguran\u00e7as \u00e9 baleado. Sila e Narin conversam na sacada e tornam-se um alvo f\u00e1cil para os atiradores.<\/p>\n<p>Azad aparece para Narin e ela escapa da morte. Celil pro\u00edbe Dilan de ir \u00e0 escola. Boran obriga o chefe Ali a pedir desculpas a Sila por ter mandado atirar nela. Emir se recusa a ir \u00e0 escola sem Dilan. Narin continua a ter vis\u00f5es de Azad. Boran reencontra um velho conhecido de Mardin. Zeinep vai visitar Dilan para uma consulta e isso incomoda Sila.<\/p>\n<p>(*) edi\u00e7\u00e3o da Band, Novela \u201cSila\u201d, sujeito a altera\u00e7\u00e3o de data e conte\u00fado.<\/p>\n","protected":false},"excerpt":{"rendered":"<p>Novela \u201cSila\u201d resumo 23\/08: Narin se empenha para cuidar do sobrinho. Ela tamb\u00e9m ajuda Bedar e Celil a cuidar dos filhos Emir e Dilan. Depois de um tempo em Istambul, Narin come\u00e7a a trabalhar e apoia mulheres em perigo. Enquanto isso, os inimigos de Boran invadem a casa e um dos seguran\u00e7as \u00e9 baleado. Sila [&hellip;]<\/p>\n","protected":false},"author":2,"featured_media":83098,"comment_status":"open","ping_status":"closed","sticky":false,"template":"","format":"standard","meta":{"tdm_status":"","tdm_grid_status":"","footnotes":""},"categories":[390,379,343],"tags":[441],"class_list":{"0":"post-93208","1":"post","2":"type-post","3":"status-publish","4":"format-standard","5":"has-post-thumbnail","7":"category-band","8":"category-novelas","9":"category-televisao","10":"tag-resumo-do-dia"},"_links":{"self":[{"href":"https:\/\/migracao.redenoticia.com.br\/noticia\/wp-json\/wp\/v2\/posts\/93208","targetHints":{"allow":["GET"]}}],"collection":[{"href":"https:\/\/migracao.redenoticia.com.br\/noticia\/wp-json\/wp\/v2\/posts"}],"about":[{"href":"https:\/\/migracao.redenoticia.com.br\/noticia\/wp-json\/wp\/v2\/types\/post"}],"author":[{"embeddable":true,"href":"https:\/\/migracao.redenoticia.com.br\/noticia\/wp-json\/wp\/v2\/users\/2"}],"replies":[{"embeddable":true,"href":"https:\/\/migracao.redenoticia.com.br\/noticia\/wp-json\/wp\/v2\/comments?post=93208"}],"version-history":[{"count":0,"href":"https:\/\/migracao.redenoticia.com.br\/noticia\/wp-json\/wp\/v2\/posts\/93208\/revisions"}],"wp:featuredmedia":[{"embeddable":true,"href":"https:\/\/migracao.redenoticia.com.br\/noticia\/wp-json\/wp\/v2\/media\/83098"}],"wp:attachment":[{"href":"https:\/\/migracao.redenoticia.com.br\/noticia\/wp-json\/wp\/v2\/media?parent=93208"}],"wp:term":[{"taxonomy":"category","embeddable":true,"href":"https:\/\/migracao.redenoticia.com.br\/noticia\/wp-json\/wp\/v2\/categories?post=93208"},{"taxonomy":"post_tag","embeddable":true,"href":"https:\/\/migracao.redenoticia.com.br\/noticia\/wp-json\/wp\/v2\/tags?post=93208"}],"curies":[{"name":"wp","href":"https:\/\/api.w.org\/{rel}","templated":true}]}}