{"id":9330,"date":"2009-08-20T17:29:59","date_gmt":"2009-08-20T21:29:59","guid":{"rendered":"http:\/\/www.redenoticia.com.br\/noticia\/?p=9330"},"modified":"2009-08-20T17:29:59","modified_gmt":"2009-08-20T21:29:59","slug":"comite-apoia-medida-que-poe-remedios-atras-dos-balcoes-de-farmacias","status":"publish","type":"post","link":"https:\/\/migracao.redenoticia.com.br\/noticia\/2009\/comite-apoia-medida-que-poe-remedios-atras-dos-balcoes-de-farmacias\/9330","title":{"rendered":"Comit\u00ea ap\u00f3ia medida que p\u00f5e rem\u00e9dios atr\u00e1s dos balc\u00f5es de farm\u00e1cias"},"content":{"rendered":"<p>O Comit\u00ea Nacional para a Promo\u00e7\u00e3o do Uso Racional de Medicamentos decidiu nesta quinta-feira (20), durante a reuni\u00e3o ordin\u00e1ria do grupo, que prossegue at\u00e9 amanh\u00e3, em Bras\u00edlia, apoiar a Resolu\u00e7\u00e3o da Diretoria Colegiada 44\/2009, da Anvisa, que dentre algumas das determina\u00e7\u00f5es deixa os medicamentos atr\u00e1s dos balc\u00f5es, fora do alcance dos consumidores.\u00a0Na avalia\u00e7\u00e3o do Comit\u00ea, esta medida garante o direito do cidad\u00e3o de receber a orienta\u00e7\u00e3o adequada e promove o uso racional dos medicamentos.<\/p>\n<p>&#8220;H\u00e1 tempos a Federa\u00e7\u00e3o Nacional dos M\u00e9dicos (Fenam) acredita que a transforma\u00e7\u00e3o das farm\u00e1cias em supermercado prejudica o acesso qualificado pelos cidad\u00e3os aos medicamentos. A Fenam \u00e9 contra a venda de medicamento livre de prescri\u00e7\u00e3o&#8221;, diz Eduardo Santana, m\u00e9dico filiado \u00e0 Fenam e membro do comit\u00ea. O grupo, coordenado pelo Departamento de Assist\u00eancia Farmac\u00eautica do Minist\u00e9rio da Sa\u00fade, foi criado em 2007 e tem a participa\u00e7\u00e3o de diversas entidades: como Anvisa, Organiza\u00e7\u00e3o Pan-Americana de Sa\u00fade (Opas), Conselho Nacional de Secretarias Municipais de Sa\u00fade (Conasems), Federa\u00e7\u00e3o Nacional dos Farmac\u00eauticos (Fenafar), Conselho Federal de Farm\u00e1cia (CFF), Conselho Federal de Odontologia (CFO), Federa\u00e7\u00e3o Nacional dos M\u00e9dicos (Fenam), dentre outras entidades.<\/p>\n<p>O uso indiscriminado, sem a devida orienta\u00e7\u00e3o, pode fazer o tratamento levar mais tempo que o previsto, sem alcan\u00e7ar o efeito desejado. Al\u00e9m de gerar efeitos adversos e preju\u00edzos ao indiv\u00edduo. Em alguns casos, pode at\u00e9 levar a morte. Uma pesquisa do Sistema Nacional de Informa\u00e7\u00f5es T\u00f3xico-Farmacol\u00f3gicas (Sinitox), ligado \u00e0 Funda\u00e7\u00e3o Oswaldo Cruz (Fiocruz), mostrou que, dos quase 108 mil casos registrados de intoxica\u00e7\u00e3o humana em 2006, os medicamentos lideraram a lista de principais agentes t\u00f3xicos com 30,5% das ocorr\u00eancias.<\/p>\n<p><strong>AGENTES T\u00d3XICOS &#8211;<\/strong> Dados do Minist\u00e9rio da Sa\u00fade \u2013 coletados em 2006 e compilados pelo Sistema Nacional de Informa\u00e7\u00f5es T\u00f3xico-Farmacol\u00f3gicas (Sinitox), ligado \u00e0 Funda\u00e7\u00e3o Oswaldo Cruz \u2013 mostram que, em 2006, foram registrados 107.958 casos de intoxica\u00e7\u00e3o humana em 30 dos 37 Centros de Informa\u00e7\u00e3o e Assist\u00eancia Toxicol\u00f3gica em atividade no pa\u00eds, com um total de 488 \u00f3bitos. Em 2005, o n\u00famero de intoxica\u00e7\u00f5es foi de 84.456 em 28 dos 34 centros, com 456 \u00f3bitos.<\/p>\n<p>Dos quase 108 mil casos registrados em 2006, os medicamentos lideraram a lista de principais agentes t\u00f3xicos que causaram intoxica\u00e7\u00f5es em seres humanos com 30,5% das ocorr\u00eancias. Em seguida, vem a intoxica\u00e7\u00e3o por animais pe\u00e7onhentos, sobretudo escorpi\u00f5es (19,9%) e produtos sanit\u00e1rios de uso dom\u00e9stico (11%).<\/p>\n<p>Os benzodiazep\u00ednicos (calmantes), antigripais, antidepressivos, antiinflamat\u00f3rios s\u00e3o as classes de medicamentos que mais causam intoxica\u00e7\u00f5es. O mais alarmante \u00e9 que as v\u00edtimas s\u00e3o, em sua maioria, crian\u00e7as menores de cinco anos (24,1%), seguidas dos adultos de 20 a 29 anos (18,9%) e dos adultos entre 30 e 39 (13,6%).<\/p>\n<p>O n\u00famero de ingest\u00e3o indevida de medicamentos e drogas de abuso por adultos deve-se, em sua maioria, \u00e0s tentativas de suic\u00eddio. Do total de 23.089 casos de intoxica\u00e7\u00e3o atribu\u00eddos \u00e0s tentativas de suic\u00eddio, 14.263 (61,8%) est\u00e3o relacionados aos medicamentos, 2.642 (11,4%) aos raticidas e 2.515 aos agrot\u00f3xicos de uso agr\u00edcola (10,9%).<\/p>\n<p>Em rela\u00e7\u00e3o \u00e0 letalidade, os agrot\u00f3xicos de uso agr\u00edcola (3,03%) lideram as causas de morte, seguido de raticidas (1,28%), drogas de abuso (subst\u00e2ncias que modificam, aumentam, inibem ou refor\u00e7am as fun\u00e7\u00f5es do organismo &#8211; 0,95%) e produtos veterin\u00e1rios (0,6%).<\/p>\n","protected":false},"excerpt":{"rendered":"<p>O Comit\u00ea Nacional para a Promo\u00e7\u00e3o do Uso Racional de Medicamentos decidiu nesta quinta-feira (20), durante a reuni\u00e3o ordin\u00e1ria do grupo, que prossegue at\u00e9 amanh\u00e3, em Bras\u00edlia, apoiar a Resolu\u00e7\u00e3o da Diretoria Colegiada 44\/2009, da Anvisa, que dentre algumas das determina\u00e7\u00f5es deixa os medicamentos atr\u00e1s dos balc\u00f5es, fora do alcance dos consumidores.\u00a0Na avalia\u00e7\u00e3o do Comit\u00ea, [&hellip;]<\/p>\n","protected":false},"author":2,"featured_media":0,"comment_status":"open","ping_status":"open","sticky":false,"template":"","format":"standard","meta":{"tdm_status":"","tdm_grid_status":"","footnotes":""},"categories":[22,5],"tags":[],"class_list":{"0":"post-9330","1":"post","2":"type-post","3":"status-publish","4":"format-standard","6":"category-brasil","7":"category-saude-e-vida"},"_links":{"self":[{"href":"https:\/\/migracao.redenoticia.com.br\/noticia\/wp-json\/wp\/v2\/posts\/9330","targetHints":{"allow":["GET"]}}],"collection":[{"href":"https:\/\/migracao.redenoticia.com.br\/noticia\/wp-json\/wp\/v2\/posts"}],"about":[{"href":"https:\/\/migracao.redenoticia.com.br\/noticia\/wp-json\/wp\/v2\/types\/post"}],"author":[{"embeddable":true,"href":"https:\/\/migracao.redenoticia.com.br\/noticia\/wp-json\/wp\/v2\/users\/2"}],"replies":[{"embeddable":true,"href":"https:\/\/migracao.redenoticia.com.br\/noticia\/wp-json\/wp\/v2\/comments?post=9330"}],"version-history":[{"count":0,"href":"https:\/\/migracao.redenoticia.com.br\/noticia\/wp-json\/wp\/v2\/posts\/9330\/revisions"}],"wp:attachment":[{"href":"https:\/\/migracao.redenoticia.com.br\/noticia\/wp-json\/wp\/v2\/media?parent=9330"}],"wp:term":[{"taxonomy":"category","embeddable":true,"href":"https:\/\/migracao.redenoticia.com.br\/noticia\/wp-json\/wp\/v2\/categories?post=9330"},{"taxonomy":"post_tag","embeddable":true,"href":"https:\/\/migracao.redenoticia.com.br\/noticia\/wp-json\/wp\/v2\/tags?post=9330"}],"curies":[{"name":"wp","href":"https:\/\/api.w.org\/{rel}","templated":true}]}}