{"id":9336,"date":"2009-08-20T23:47:10","date_gmt":"2009-08-21T03:47:10","guid":{"rendered":"http:\/\/www.redenoticia.com.br\/noticia\/?p=9336"},"modified":"2009-08-24T12:08:27","modified_gmt":"2009-08-24T16:08:27","slug":"rede-record-mostra-bronca-em-finalistas-da-fazenda","status":"publish","type":"post","link":"https:\/\/migracao.redenoticia.com.br\/noticia\/2009\/rede-record-mostra-bronca-em-finalistas-da-fazenda\/9336","title":{"rendered":"Rede Record mostra bronca em finalistas da Fazenda"},"content":{"rendered":"<p>A Rede Record n\u00e3o poupou os finalistas Dado Dolabella e Danni Carlos de todos os trabalhos di\u00e1rios que antes eram divididos entre os v\u00e1rios pe\u00f5es da Fazenda. Nesta quinta-feira (20\/08) a Rede Record mostrou o caseiro da Fazenda, Clebis, reclamando que os pe\u00f5es n\u00e3o tiraram o feno molhado da baia dos cavalos, o Dado esqueceu de levar o leite para a sede da Fazenda e a Danni n\u00e3o lavou o lago das galinhas.<\/p>\n<p>E o pior de tudo \u00e9 que o Cl\u00e9bis reafirmou que tudo tem que ser feito bem cedinho. Para sorte dos pe\u00f5es tem chovido muito em Itu, cidade de S\u00e3o Paulo onde fica a Fazenda da Rede Record, liberando os pe\u00f5es da responsabilidade de molhar a Horta e o Jardim. Al\u00e9m da bronca a Rede Record mostrou um quiz ao vivo com perguntas para relembrar momentos marcantes vividos pelos pe\u00f5es dentro da Fazenda, e Danni Carlos venceu a disputa. Como pr\u00eamio, pode assistir um v\u00eddeo gravado pelo namorado.<\/p>\n<p>No final do programa desta quinta-feira a Rede Record mostrou a chegada de Jonathan para assistir um filme junto com os pe\u00f5es finalistas da Fazenda. Jonathan entregou flores aos dois e n\u00e3o pode falar nada sobre o que est\u00e1 acontecendo do lado de fora.<\/p>\n<p>Na programa\u00e7\u00e3o da Rede Record praticamente todos os programas, exceto os notici\u00e1rios, v\u00e3o ter a presen\u00e7a de um ou mais participante eliminado da Fazenda. Nesta sexta-feira, Carlinhos est\u00e1 convidado a atravessar a ponte do Hoje em Dia e do Geraldo Brasil.<\/p>\n<p>Fonte Rede Record \u2013 A Fazenda<\/p>\n","protected":false},"excerpt":{"rendered":"<p>A Rede Record n\u00e3o poupou os finalistas Dado Dolabella e Danni Carlos de todos os trabalhos di\u00e1rios que antes eram divididos entre os v\u00e1rios pe\u00f5es da Fazenda. Nesta quinta-feira (20\/08) a Rede Record mostrou o caseiro da Fazenda, Clebis, reclamando que os pe\u00f5es n\u00e3o tiraram o feno molhado da baia dos cavalos, o Dado esqueceu [&hellip;]<\/p>\n","protected":false},"author":3,"featured_media":0,"comment_status":"open","ping_status":"open","sticky":false,"template":"","format":"standard","meta":{"tdm_status":"","tdm_grid_status":"","footnotes":""},"categories":[22,343],"tags":[],"class_list":{"0":"post-9336","1":"post","2":"type-post","3":"status-publish","4":"format-standard","6":"category-brasil","7":"category-televisao"},"_links":{"self":[{"href":"https:\/\/migracao.redenoticia.com.br\/noticia\/wp-json\/wp\/v2\/posts\/9336","targetHints":{"allow":["GET"]}}],"collection":[{"href":"https:\/\/migracao.redenoticia.com.br\/noticia\/wp-json\/wp\/v2\/posts"}],"about":[{"href":"https:\/\/migracao.redenoticia.com.br\/noticia\/wp-json\/wp\/v2\/types\/post"}],"author":[{"embeddable":true,"href":"https:\/\/migracao.redenoticia.com.br\/noticia\/wp-json\/wp\/v2\/users\/3"}],"replies":[{"embeddable":true,"href":"https:\/\/migracao.redenoticia.com.br\/noticia\/wp-json\/wp\/v2\/comments?post=9336"}],"version-history":[{"count":0,"href":"https:\/\/migracao.redenoticia.com.br\/noticia\/wp-json\/wp\/v2\/posts\/9336\/revisions"}],"wp:attachment":[{"href":"https:\/\/migracao.redenoticia.com.br\/noticia\/wp-json\/wp\/v2\/media?parent=9336"}],"wp:term":[{"taxonomy":"category","embeddable":true,"href":"https:\/\/migracao.redenoticia.com.br\/noticia\/wp-json\/wp\/v2\/categories?post=9336"},{"taxonomy":"post_tag","embeddable":true,"href":"https:\/\/migracao.redenoticia.com.br\/noticia\/wp-json\/wp\/v2\/tags?post=9336"}],"curies":[{"name":"wp","href":"https:\/\/api.w.org\/{rel}","templated":true}]}}