{"id":9338,"date":"2009-08-21T00:03:40","date_gmt":"2009-08-21T04:03:40","guid":{"rendered":"http:\/\/www.redenoticia.com.br\/noticia\/?p=9338"},"modified":"2009-08-21T00:03:40","modified_gmt":"2009-08-21T04:03:40","slug":"previsao-do-tempo-nas-regioes-do-brasil-nesta-sexta-feira-2108","status":"publish","type":"post","link":"https:\/\/migracao.redenoticia.com.br\/noticia\/2009\/previsao-do-tempo-nas-regioes-do-brasil-nesta-sexta-feira-2108\/9338","title":{"rendered":"Previs\u00e3o do tempo nas Regi\u00f5es do Brasil nesta sexta-feira (21\/08)"},"content":{"rendered":"<p>A Previs\u00e3o do tempo CPTEC\/INPE nesta sexta-feira (21\/08) para as Regi\u00f5es do Brasil informa que a frente fria atuar\u00e1 entre o Atl\u00e2ntico e o ES estendendo-se com um ramo estacion\u00e1rio pelo interior do pa\u00eds at\u00e9 o norte de RO. Esta frente provocar\u00e1 chuva entre MG, ES e RJ. A massa de ar frio associada a frente fria derrubar\u00e1 as temperaturas em grande parte do Centro-Sul do Brasil. Haver\u00e1, inclusive, pequena chance de ocorrer neve em \u00e1reas localizadas das Serras Ga\u00facha e Catarinense na madrugada deste dia.<\/p>\n<p>O ar frio derruba as temperaturas tamb\u00e9m em RO, AC e sul do AM provocando um fraco evento do fen\u00f4meno conhecido como friagem. No litoral da Regi\u00e3o Sul haver\u00e1 muitas nuvens e chuvas isoladas devido os ventos \u00famidos que sopram do mar. Os ventos estar\u00e3o fortes na faixa litor\u00e2nea o que poder\u00e1 deixar o mar entre o RJ e o nordeste do RS. Pancadas de chuvas isoladas ocorrem no oeste e norte da Regi\u00e3o Norte do Brasil. No litoral entre o RN e SE haver\u00e1 varia\u00e7\u00e3o de nuvens e pequena chance de pancadas r\u00e1pidas e isoladas de chuva. Nas demais localidades do Brasil sol e varia\u00e7\u00e3o de nuvens.<\/p>\n<p>Previs\u00e3o do tempo na Regi\u00e3o Sudeste do Brasil nesta sexta-feira (21\/08):\u00a0No centro-norte do ES e no leste de MG: sol com varia\u00e7\u00e3o de nuvens e pancadas de chuva. No centro-sul do ES e parte do leste de MG: nublado com pancadas de chuva a qualquer hora do dia. No RJ: nublado com chuva forte a qualquer hora. No norte de MG e no extremo sudoeste de SP: sol entre poucas nuvens. Na faixa central e oeste de MG: sol entre muitas nuvens e uma pequena possibilidade de pancadas de chuva. Nas demais \u00e1reas da Regi\u00e3o: nublado com possibilidade de chuva isolada a qualquer hora. As temperaturas estar\u00e3o em decl\u00ednio no centro-sul de MG e no RJ. Temperatura m\u00e1xima: 36C no noroeste de MG. Temperatura m\u00ednima: 10C na Serra da Mantiqueira.<\/p>\n<p>Previs\u00e3o do tempo na Regi\u00e3o Sul do Brasil nesta sexta-feira (21\/08):\u00a0No nordeste do RS, no leste de SC e no litoral do PR: nublado com chuva isoladas a qualquer hora do dia. No centro-oeste do RS, oeste de SC e do PR: predom\u00ednio de sol. Nas demais \u00e1reas da Regi\u00e3o: sol com varia\u00e7\u00e3o de nuvens. Haver\u00e1 ventos fortes no litoral da Regi\u00e3o. Possibilidade de neve na Serra Geral no per\u00edodo da madrugada deste dia. As temperaturas estar\u00e3o em decl\u00ednio na Regi\u00e3o. Temperatura m\u00e1xima: 18C no norte do PR Temperatura m\u00ednima: 03C na Serra Geral.<\/p>\n<p>Previs\u00e3o do tempo na Regi\u00e3o Centro-Oeste do Brasil nesta sexta-feira (21\/08):\u00a0No norte de GO, nordeste de MT e no centro-sul de MS: predom\u00ednio de sol. No nordeste de MS: nublado com uma pequena possibilidade de pancadas de chuva. No noroeste de MS e no sudoeste de MT: sol entre muitas nuvens. Nas demais \u00e1reas da Regi\u00e3o: sol com nebulosidade vari\u00e1vel e uma pequena possibilidade de pancadas de chuva. As temperaturas estar\u00e3o em decl\u00ednio no sul de MT e baixas em MS. Temperatura m\u00e1xima: 38C no norte de MT. Temperatura m\u00ednima: 06C no sul de MS.<\/p>\n<p>Previs\u00e3o do tempo na Regi\u00e3o Nordeste do Brasil nesta sexta-feira (21\/08):\u00a0No litoral de SE, de AL, de PE , da PB e do RN: sol com nebulosidade vari\u00e1vel e uma pequena possibilidade de pancadas de chuva. No centro-oeste da BA, no norte do CE, no PI e no MA: sol entre poucas nuvens. Nas demais \u00e1reas da Regi\u00e3o: sol com varia\u00e7\u00e3o de nuvens. As temperaturas seguir\u00e3o est\u00e1veis. Temperatura m\u00e1xima: 37C no PI. Temperatura m\u00ednima: 18C no centro da BA.<\/p>\n<p>Previs\u00e3o do tempo na Regi\u00e3o Norte do Brasil nesta sexta-feira (21\/08):\u00a0No norte de RO, no AC, no centro-oeste do AM, em RR e no norte do AP: sol com varia\u00e7\u00e3o de nuvens e pancadas isoladas de chuva. Nas demais \u00e1reas de RO: sol entre muitas nuvens e uma pequena possibilidade de pancadas de chuva. Nas demais \u00e1reas da Regi\u00e3o: sol entre poucas nuvens. As temperaturas estar\u00e3o em decl\u00ednio no sul de RO e no leste do AC. Temperatura m\u00e1xima: 42C no sudoeste do TO. Temperatura m\u00ednima: 12C na Serra do Parima em RR.<\/p>\n<p>Fonte CPTEC\/INPE<\/p>\n","protected":false},"excerpt":{"rendered":"<p>A Previs\u00e3o do tempo CPTEC\/INPE nesta sexta-feira (21\/08) para as Regi\u00f5es do Brasil informa que a frente fria atuar\u00e1 entre o Atl\u00e2ntico e o ES estendendo-se com um ramo estacion\u00e1rio pelo interior do pa\u00eds at\u00e9 o norte de RO. Esta frente provocar\u00e1 chuva entre MG, ES e RJ. A massa de ar frio associada a [&hellip;]<\/p>\n","protected":false},"author":3,"featured_media":0,"comment_status":"open","ping_status":"open","sticky":false,"template":"","format":"standard","meta":{"tdm_status":"","tdm_grid_status":"","footnotes":""},"categories":[22,327],"tags":[],"class_list":{"0":"post-9338","1":"post","2":"type-post","3":"status-publish","4":"format-standard","6":"category-brasil","7":"category-clima"},"_links":{"self":[{"href":"https:\/\/migracao.redenoticia.com.br\/noticia\/wp-json\/wp\/v2\/posts\/9338","targetHints":{"allow":["GET"]}}],"collection":[{"href":"https:\/\/migracao.redenoticia.com.br\/noticia\/wp-json\/wp\/v2\/posts"}],"about":[{"href":"https:\/\/migracao.redenoticia.com.br\/noticia\/wp-json\/wp\/v2\/types\/post"}],"author":[{"embeddable":true,"href":"https:\/\/migracao.redenoticia.com.br\/noticia\/wp-json\/wp\/v2\/users\/3"}],"replies":[{"embeddable":true,"href":"https:\/\/migracao.redenoticia.com.br\/noticia\/wp-json\/wp\/v2\/comments?post=9338"}],"version-history":[{"count":0,"href":"https:\/\/migracao.redenoticia.com.br\/noticia\/wp-json\/wp\/v2\/posts\/9338\/revisions"}],"wp:attachment":[{"href":"https:\/\/migracao.redenoticia.com.br\/noticia\/wp-json\/wp\/v2\/media?parent=9338"}],"wp:term":[{"taxonomy":"category","embeddable":true,"href":"https:\/\/migracao.redenoticia.com.br\/noticia\/wp-json\/wp\/v2\/categories?post=9338"},{"taxonomy":"post_tag","embeddable":true,"href":"https:\/\/migracao.redenoticia.com.br\/noticia\/wp-json\/wp\/v2\/tags?post=9338"}],"curies":[{"name":"wp","href":"https:\/\/api.w.org\/{rel}","templated":true}]}}