{"id":93396,"date":"2016-08-22T21:30:09","date_gmt":"2016-08-23T00:30:09","guid":{"rendered":"http:\/\/www.redenoticia.com.br\/noticia\/?p=93396"},"modified":"2016-08-22T20:12:35","modified_gmt":"2016-08-22T23:12:35","slug":"novela-justica-resumo-2308-um-amigo-de-douglas-incrimina-fatima","status":"publish","type":"post","link":"https:\/\/migracao.redenoticia.com.br\/noticia\/2016\/novela-justica-resumo-2308-um-amigo-de-douglas-incrimina-fatima\/93396","title":{"rendered":"Novela \u201cJusti\u00e7a\u201d resumo 23\/08: um amigo de Douglas incrimina F\u00e1tima"},"content":{"rendered":"<p><img loading=\"lazy\" decoding=\"async\" class=\"alignleft size-thumbnail wp-image-92259\" src=\"https:\/\/migracao.redenoticia.com.br\/noticia\/imagens\/novela_globo_justica_resumo-150x112.jpg\" alt=\"novela_globo_justica_resumo\" width=\"150\" height=\"112\" srcset=\"https:\/\/migracao.redenoticia.com.br\/noticia\/imagens\/novela_globo_justica_resumo-150x112.jpg 150w, https:\/\/migracao.redenoticia.com.br\/noticia\/imagens\/novela_globo_justica_resumo-265x198.jpg 265w\" sizes=\"auto, (max-width: 150px) 100vw, 150px\" \/><strong><em>Novela \u201cJusti\u00e7a\u201d resumo 23\/08 <\/em><\/strong>: o\u00a0sargento Douglas e sua esposa Kellen se mudam para uma casa ao lado do lar de F\u00e1tima e Waldyr. O cachorro de Douglas invade a festa de Mayara e todos se desesperam. Depois, Waldyr reclama com Douglas por seu cachorro ter comido uma de suas galinhas e Kellen n\u00e3o gosta. O cachorro continua a ser o problema e acaba por levar Waldyr e F\u00e1tima a discutirem com Douglas. Por fim, o cachorro fere gravemente o filho mais novo de F\u00e1tima e esta mata o animal. Por vingan\u00e7a, um amigo de Douglas incrimina F\u00e1tima por tr\u00e1fico de drogas e a leva presa.<\/p>\n<p>No cap\u00edtulo 002(*), novela \u201cJusti\u00e7a\u201d, ter\u00e7a-feira, 23 de agosto \u2013 F\u00e1tima comemora o anivers\u00e1rio de Mayara. O sargento Douglas e sua esposa Kellen se mudam para uma casa ao lado. O cachorro de Douglas invade a festa de Mayara e todos se desesperam.<\/p>\n<p>Waldyr reclama com Douglas por seu cachorro ter comido uma de suas galinhas e Kellen n\u00e3o gosta. Douglas prepara uma festa em sua casa e Waldyr fica apreensivo. Waldyr e F\u00e1tima discutem com Douglas por causa do cachorro. O \u00f4nibus que Waldyr dirige \u00e9 incendiado pelos funcion\u00e1rios da empresa.<\/p>\n<p>F\u00e1tima v\u00ea a reportagem na TV sobre a fal\u00eancia da empresa de \u00f4nibus e se preocupa com o marido. Kellen flagra Mayara colocando pimenta na comida de seu cachorro. O cachorro de Douglas fere gravemente o filho mais novo de F\u00e1tima. Um amigo de Douglas incrimina F\u00e1tima e a leva presa.<\/p>\n<p>(*) edi\u00e7\u00e3o da Rede Globo, Novela \u201cJusti\u00e7a\u201d, sujeito a altera\u00e7\u00e3o de data e conte\u00fado.<\/p>\n","protected":false},"excerpt":{"rendered":"<p>Novela \u201cJusti\u00e7a\u201d resumo 23\/08 : o\u00a0sargento Douglas e sua esposa Kellen se mudam para uma casa ao lado do lar de F\u00e1tima e Waldyr. O cachorro de Douglas invade a festa de Mayara e todos se desesperam. Depois, Waldyr reclama com Douglas por seu cachorro ter comido uma de suas galinhas e Kellen n\u00e3o gosta. [&hellip;]<\/p>\n","protected":false},"author":4,"featured_media":92259,"comment_status":"open","ping_status":"closed","sticky":false,"template":"","format":"standard","meta":{"tdm_status":"","tdm_grid_status":"","footnotes":""},"categories":[379,375,343],"tags":[441],"class_list":{"0":"post-93396","1":"post","2":"type-post","3":"status-publish","4":"format-standard","5":"has-post-thumbnail","7":"category-novelas","8":"category-rede-globo","9":"category-televisao","10":"tag-resumo-do-dia"},"_links":{"self":[{"href":"https:\/\/migracao.redenoticia.com.br\/noticia\/wp-json\/wp\/v2\/posts\/93396","targetHints":{"allow":["GET"]}}],"collection":[{"href":"https:\/\/migracao.redenoticia.com.br\/noticia\/wp-json\/wp\/v2\/posts"}],"about":[{"href":"https:\/\/migracao.redenoticia.com.br\/noticia\/wp-json\/wp\/v2\/types\/post"}],"author":[{"embeddable":true,"href":"https:\/\/migracao.redenoticia.com.br\/noticia\/wp-json\/wp\/v2\/users\/4"}],"replies":[{"embeddable":true,"href":"https:\/\/migracao.redenoticia.com.br\/noticia\/wp-json\/wp\/v2\/comments?post=93396"}],"version-history":[{"count":0,"href":"https:\/\/migracao.redenoticia.com.br\/noticia\/wp-json\/wp\/v2\/posts\/93396\/revisions"}],"wp:featuredmedia":[{"embeddable":true,"href":"https:\/\/migracao.redenoticia.com.br\/noticia\/wp-json\/wp\/v2\/media\/92259"}],"wp:attachment":[{"href":"https:\/\/migracao.redenoticia.com.br\/noticia\/wp-json\/wp\/v2\/media?parent=93396"}],"wp:term":[{"taxonomy":"category","embeddable":true,"href":"https:\/\/migracao.redenoticia.com.br\/noticia\/wp-json\/wp\/v2\/categories?post=93396"},{"taxonomy":"post_tag","embeddable":true,"href":"https:\/\/migracao.redenoticia.com.br\/noticia\/wp-json\/wp\/v2\/tags?post=93396"}],"curies":[{"name":"wp","href":"https:\/\/api.w.org\/{rel}","templated":true}]}}