{"id":93398,"date":"2016-08-22T18:00:59","date_gmt":"2016-08-22T21:00:59","guid":{"rendered":"http:\/\/www.redenoticia.com.br\/noticia\/?p=93398"},"modified":"2016-08-22T20:01:14","modified_gmt":"2016-08-22T23:01:14","slug":"novela-malhacao-resumo-2308-sula-e-damiana-se-despedem-de-joana","status":"publish","type":"post","link":"https:\/\/migracao.redenoticia.com.br\/noticia\/2016\/novela-malhacao-resumo-2308-sula-e-damiana-se-despedem-de-joana\/93398","title":{"rendered":"Novela \u201cMalha\u00e7\u00e3o\u201d resumo 23\/08: Sula e Damiana se despedem de Joana"},"content":{"rendered":"<p><img loading=\"lazy\" decoding=\"async\" class=\"alignleft size-thumbnail wp-image-91715\" src=\"https:\/\/migracao.redenoticia.com.br\/noticia\/imagens\/malhacao_pro_dia_nascer_feliz_resumo_novela-150x112.jpg\" alt=\"malhacao_pro_dia_nascer_feliz_resumo_novela\" width=\"150\" height=\"112\" srcset=\"https:\/\/migracao.redenoticia.com.br\/noticia\/imagens\/malhacao_pro_dia_nascer_feliz_resumo_novela-150x112.jpg 150w, https:\/\/migracao.redenoticia.com.br\/noticia\/imagens\/malhacao_pro_dia_nascer_feliz_resumo_novela-265x198.jpg 265w\" sizes=\"auto, (max-width: 150px) 100vw, 150px\" \/><strong><em>Novela \u201cMalha\u00e7\u00e3o\u201d resumo 23\/08 <\/em><\/strong>:\u00a0Joana tem uma briga feia com o padrasto Agenor e fica magoada ao ouvir dele a amea\u00e7a de expuls\u00e1-la de casa. Ent\u00e3o, a garota avisa a Damiana que vai se mudar por conta pr\u00f3pria e deixar o Cear\u00e1, rumo a uma vida nova no Rio de Janeiro. Mais tarde, Sula e Damiana se despedem de Joana. T\u00e2nia, amiga da m\u00e3e de Joana, aceita acolh\u00ea-la em sua casa e d\u00e1 apoio \u00e0 garota.<\/p>\n<p>No cap\u00edtulo 002(*), novela \u201cMalha\u00e7\u00e3o\u201d, ter\u00e7a-feira, 23 de agosto \u2013 Agenor amea\u00e7a expulsar Joana de casa. Giovane e Juliana implicam com B\u00e1rbara. Joana avisa a Damiana que vai para o Rio de Janeiro. Gabriel, Giovane, B\u00e1rbara e Juliana voltam para casa. Come\u00e7am as aulas no Dom Fern\u00e3o.<\/p>\n<p>Arthur e Dod\u00f4 ficam encantados com Belinha. F\u00e1bio tem um desentendimento com Manuela. Gabriel se irrita ao saber que Jorj\u00e3o n\u00e3o \u00e9 mais o preparador f\u00edsico dele. Belloto leva um fora na reuni\u00e3o e J\u00e9ssica implica com ele. Manuela e F\u00e1bio v\u00e3o para a sala do diretor.<\/p>\n<p>Juliana reclama do autoritarismo de Ricardo. T\u00e2nia avisa a Luiza e F\u00e1bio que eles ir\u00e3o com ela \u00e0 festa de inaugura\u00e7\u00e3o da academia onde trabalha. Sula e Damiana se despedem de Joana. Gabriel contraria Ricardo durante um discurso e deixa Giovane sem gra\u00e7a. Manuela e F\u00e1bio brigam durante a festa.<\/p>\n<p>(*) edi\u00e7\u00e3o da Rede Globo, Novela \u201cMalha\u00e7\u00e3o\u201d, sujeito a altera\u00e7\u00e3o de data e conte\u00fado.<\/p>\n","protected":false},"excerpt":{"rendered":"<p>Novela \u201cMalha\u00e7\u00e3o\u201d resumo 23\/08 :\u00a0Joana tem uma briga feia com o padrasto Agenor e fica magoada ao ouvir dele a amea\u00e7a de expuls\u00e1-la de casa. Ent\u00e3o, a garota avisa a Damiana que vai se mudar por conta pr\u00f3pria e deixar o Cear\u00e1, rumo a uma vida nova no Rio de Janeiro. Mais tarde, Sula e [&hellip;]<\/p>\n","protected":false},"author":4,"featured_media":91715,"comment_status":"open","ping_status":"closed","sticky":false,"template":"","format":"standard","meta":{"tdm_status":"","tdm_grid_status":"","footnotes":""},"categories":[447,379,375,343],"tags":[441],"class_list":{"0":"post-93398","1":"post","2":"type-post","3":"status-publish","4":"format-standard","5":"has-post-thumbnail","7":"category-malhacao","8":"category-novelas","9":"category-rede-globo","10":"category-televisao","11":"tag-resumo-do-dia"},"_links":{"self":[{"href":"https:\/\/migracao.redenoticia.com.br\/noticia\/wp-json\/wp\/v2\/posts\/93398","targetHints":{"allow":["GET"]}}],"collection":[{"href":"https:\/\/migracao.redenoticia.com.br\/noticia\/wp-json\/wp\/v2\/posts"}],"about":[{"href":"https:\/\/migracao.redenoticia.com.br\/noticia\/wp-json\/wp\/v2\/types\/post"}],"author":[{"embeddable":true,"href":"https:\/\/migracao.redenoticia.com.br\/noticia\/wp-json\/wp\/v2\/users\/4"}],"replies":[{"embeddable":true,"href":"https:\/\/migracao.redenoticia.com.br\/noticia\/wp-json\/wp\/v2\/comments?post=93398"}],"version-history":[{"count":0,"href":"https:\/\/migracao.redenoticia.com.br\/noticia\/wp-json\/wp\/v2\/posts\/93398\/revisions"}],"wp:featuredmedia":[{"embeddable":true,"href":"https:\/\/migracao.redenoticia.com.br\/noticia\/wp-json\/wp\/v2\/media\/91715"}],"wp:attachment":[{"href":"https:\/\/migracao.redenoticia.com.br\/noticia\/wp-json\/wp\/v2\/media?parent=93398"}],"wp:term":[{"taxonomy":"category","embeddable":true,"href":"https:\/\/migracao.redenoticia.com.br\/noticia\/wp-json\/wp\/v2\/categories?post=93398"},{"taxonomy":"post_tag","embeddable":true,"href":"https:\/\/migracao.redenoticia.com.br\/noticia\/wp-json\/wp\/v2\/tags?post=93398"}],"curies":[{"name":"wp","href":"https:\/\/api.w.org\/{rel}","templated":true}]}}