{"id":93400,"date":"2016-08-22T21:00:28","date_gmt":"2016-08-23T00:00:28","guid":{"rendered":"http:\/\/www.redenoticia.com.br\/noticia\/?p=93400"},"modified":"2016-08-22T20:12:16","modified_gmt":"2016-08-22T23:12:16","slug":"novela-velho-chico-resumo-2308-tereza-ve-um-indio-na-margem-do-rio","status":"publish","type":"post","link":"https:\/\/migracao.redenoticia.com.br\/noticia\/2016\/novela-velho-chico-resumo-2308-tereza-ve-um-indio-na-margem-do-rio\/93400","title":{"rendered":"Novela \u201cVelho Chico\u201d resumo 23\/08: Tereza v\u00ea um \u00edndio na margem do rio"},"content":{"rendered":"<p><img loading=\"lazy\" decoding=\"async\" class=\"alignleft size-thumbnail wp-image-82169\" src=\"https:\/\/migracao.redenoticia.com.br\/noticia\/imagens\/velho_chico_novela_resumo_globo-150x112.jpg\" alt=\"velho_chico_novela_resumo_globo\" width=\"150\" height=\"112\" srcset=\"https:\/\/migracao.redenoticia.com.br\/noticia\/imagens\/velho_chico_novela_resumo_globo-150x112.jpg 150w, https:\/\/migracao.redenoticia.com.br\/noticia\/imagens\/velho_chico_novela_resumo_globo-265x198.jpg 265w\" sizes=\"auto, (max-width: 150px) 100vw, 150px\" \/><strong><em>Novela \u201cVelho Chico\u201d resumo 23\/08<\/em><\/strong>:\u00a0Tereza procura por Santo dias e noites sem parar, ap\u00f3s ele sofrer um atentado e desaparecer nas \u00e1guas do rio. Mesmo quando todos o considerarem morto, ela continua certa de que o amado est\u00e1 vivo. Fraca, Tereza cai doente, com uma febre alarmante e tem del\u00edrios. Um m\u00e9dico \u00e9 chamado, mas n\u00e3o consegue dar um diagn\u00f3stico. Ela fica entre a vida e a morte e Martim implora a Ceci que ajude sua irm\u00e3.\u00a0 Ceci a cura com suas ervas e rezas. Assim, Tereza vai \u00e0 procura de Santo e v\u00ea um \u00edndio na margem do rio.<\/p>\n<p>No cap\u00edtulo 139(*), novela \u201cVelho Chico\u201d, ter\u00e7a-feira, 23 de agosto \u2013 Tereza tem del\u00edrios durante o sono e Iolanda e Martim se preocupam com seu estado.<\/p>\n<p>Bento conversa com Beatriz sobre o projeto de Miguel para os cooperados. Martim implora a Ceci que ajude Tereza. O paj\u00e9 se preocupa com Santo. Um m\u00e9dico cuida de Tereza.<\/p>\n<p>Afr\u00e2nio culpa Carlos pelo estado de sua filha e o deputado se revolta. Tereza vai procurar Santo sozinha e v\u00ea um \u00edndio na margem do rio.<\/p>\n<p>(*) edi\u00e7\u00e3o da Rede Globo, Novela \u201cVelho Chico\u201d, sujeito a altera\u00e7\u00e3o de data e conte\u00fado.<\/p>\n","protected":false},"excerpt":{"rendered":"<p>Novela \u201cVelho Chico\u201d resumo 23\/08:\u00a0Tereza procura por Santo dias e noites sem parar, ap\u00f3s ele sofrer um atentado e desaparecer nas \u00e1guas do rio. Mesmo quando todos o considerarem morto, ela continua certa de que o amado est\u00e1 vivo. Fraca, Tereza cai doente, com uma febre alarmante e tem del\u00edrios. Um m\u00e9dico \u00e9 chamado, mas [&hellip;]<\/p>\n","protected":false},"author":4,"featured_media":82169,"comment_status":"open","ping_status":"closed","sticky":false,"template":"","format":"standard","meta":{"tdm_status":"","tdm_grid_status":"","footnotes":""},"categories":[379,375,343],"tags":[441],"class_list":{"0":"post-93400","1":"post","2":"type-post","3":"status-publish","4":"format-standard","5":"has-post-thumbnail","7":"category-novelas","8":"category-rede-globo","9":"category-televisao","10":"tag-resumo-do-dia"},"_links":{"self":[{"href":"https:\/\/migracao.redenoticia.com.br\/noticia\/wp-json\/wp\/v2\/posts\/93400","targetHints":{"allow":["GET"]}}],"collection":[{"href":"https:\/\/migracao.redenoticia.com.br\/noticia\/wp-json\/wp\/v2\/posts"}],"about":[{"href":"https:\/\/migracao.redenoticia.com.br\/noticia\/wp-json\/wp\/v2\/types\/post"}],"author":[{"embeddable":true,"href":"https:\/\/migracao.redenoticia.com.br\/noticia\/wp-json\/wp\/v2\/users\/4"}],"replies":[{"embeddable":true,"href":"https:\/\/migracao.redenoticia.com.br\/noticia\/wp-json\/wp\/v2\/comments?post=93400"}],"version-history":[{"count":0,"href":"https:\/\/migracao.redenoticia.com.br\/noticia\/wp-json\/wp\/v2\/posts\/93400\/revisions"}],"wp:featuredmedia":[{"embeddable":true,"href":"https:\/\/migracao.redenoticia.com.br\/noticia\/wp-json\/wp\/v2\/media\/82169"}],"wp:attachment":[{"href":"https:\/\/migracao.redenoticia.com.br\/noticia\/wp-json\/wp\/v2\/media?parent=93400"}],"wp:term":[{"taxonomy":"category","embeddable":true,"href":"https:\/\/migracao.redenoticia.com.br\/noticia\/wp-json\/wp\/v2\/categories?post=93400"},{"taxonomy":"post_tag","embeddable":true,"href":"https:\/\/migracao.redenoticia.com.br\/noticia\/wp-json\/wp\/v2\/tags?post=93400"}],"curies":[{"name":"wp","href":"https:\/\/api.w.org\/{rel}","templated":true}]}}