{"id":93402,"date":"2016-08-22T19:30:33","date_gmt":"2016-08-22T22:30:33","guid":{"rendered":"http:\/\/www.redenoticia.com.br\/noticia\/?p=93402"},"modified":"2016-08-22T20:06:42","modified_gmt":"2016-08-22T23:06:42","slug":"novela-haja-coracao-resumo-2308-beto-diz-a-henrique-que-esta-arrependido","status":"publish","type":"post","link":"https:\/\/migracao.redenoticia.com.br\/noticia\/2016\/novela-haja-coracao-resumo-2308-beto-diz-a-henrique-que-esta-arrependido\/93402","title":{"rendered":"Novela \u201cHaja Cora\u00e7\u00e3o\u201d resumo 23\/08: Ad\u00f4nis fica sensibilizado com a atitude de Shirlei"},"content":{"rendered":"<p><img loading=\"lazy\" decoding=\"async\" class=\"alignleft size-thumbnail wp-image-87038\" src=\"https:\/\/migracao.redenoticia.com.br\/noticia\/imagens\/haja_coracao_novela_resumo_capitulo_globo-150x112.jpg\" alt=\"haja_coracao_novela_resumo_capitulo_globo\" width=\"150\" height=\"112\" srcset=\"https:\/\/migracao.redenoticia.com.br\/noticia\/imagens\/haja_coracao_novela_resumo_capitulo_globo-150x112.jpg 150w, https:\/\/migracao.redenoticia.com.br\/noticia\/imagens\/haja_coracao_novela_resumo_capitulo_globo-265x198.jpg 265w\" sizes=\"auto, (max-width: 150px) 100vw, 150px\" \/><strong><em>Novela \u201cHaja Cora\u00e7\u00e3o\u201d resumo 23\/08<\/em><\/strong>:\u00a0Guto leva dois homens para ajud\u00e1-lo a for\u00e7ar que Ad\u00f4nis pague o dinheiro que lhe deve. Shirlei pede a Carol para gravar o embate com Ad\u00f4nis e amea\u00e7a colocar o v\u00eddeo nas redes sociais se Guto n\u00e3o parar. Ad\u00f4nis fica sensibilizado com a atitude de Shirlei e come\u00e7a a v\u00ea-la com outros olhos. <\/p>\n<p>No cap\u00edtulo 071(*), novela \u201cHaja Cora\u00e7\u00e3o\u201d, ter\u00e7a-feira, 23 de agosto \u2013 Apar\u00edcio d\u00e1 a senha do computador para Giovanni seguir com sua investiga\u00e7\u00e3o. Guto leva dois homens para ajud\u00e1-lo a for\u00e7ar que Ad\u00f4nis pague o dinheiro que lhe deve. Shirlei pede a Carol para gravar o embate com Ad\u00f4nis e amea\u00e7a colocar o v\u00eddeo nas redes sociais se Guto n\u00e3o parar. Apar\u00edcio deixa claro para En\u00e9as que vai proteger Giovanni.<\/p>\n<p>Camila desiste de se entregar ao amor de Giovanni quando ele se nega a dizer o nome da mulher que estava com ele no cinema. Beto diz a Henrique que est\u00e1 arrependido e teme a possibilidade de Apolo ter morrido no acidente. Apar\u00edcio chega em casa e v\u00ea Fedora comemorando o anivers\u00e1rio de Teodora.<\/p>\n<p>Teodora aparece para aterrorizar a todos da mans\u00e3o. Ad\u00f4nis fica sensibilizado com a atitude de Shirlei e come\u00e7a a v\u00ea-la com outros olhos. Adriana pergunta a Beto se ele tem algum envolvimento com o sumi\u00e7o de Apolo. Tancinha briga com Carmela por ter exibido o v\u00eddeo de Apolo no dia em que aconteceria o seu casamento.<\/p>\n<p>(*) edi\u00e7\u00e3o da Rede Globo, Novela \u201cHaja Cora\u00e7\u00e3o\u201d, sujeito a altera\u00e7\u00e3o de data e conte\u00fado.<\/p>\n","protected":false},"excerpt":{"rendered":"<p>Novela \u201cHaja Cora\u00e7\u00e3o\u201d resumo 23\/08:\u00a0Guto leva dois homens para ajud\u00e1-lo a for\u00e7ar que Ad\u00f4nis pague o dinheiro que lhe deve. Shirlei pede a Carol para gravar o embate com Ad\u00f4nis e amea\u00e7a colocar o v\u00eddeo nas redes sociais se Guto n\u00e3o parar. Ad\u00f4nis fica sensibilizado com a atitude de Shirlei e come\u00e7a a v\u00ea-la com [&hellip;]<\/p>\n","protected":false},"author":4,"featured_media":87038,"comment_status":"open","ping_status":"closed","sticky":false,"template":"","format":"standard","meta":{"tdm_status":"","tdm_grid_status":"","footnotes":""},"categories":[379,375,343],"tags":[441],"class_list":{"0":"post-93402","1":"post","2":"type-post","3":"status-publish","4":"format-standard","5":"has-post-thumbnail","7":"category-novelas","8":"category-rede-globo","9":"category-televisao","10":"tag-resumo-do-dia"},"_links":{"self":[{"href":"https:\/\/migracao.redenoticia.com.br\/noticia\/wp-json\/wp\/v2\/posts\/93402","targetHints":{"allow":["GET"]}}],"collection":[{"href":"https:\/\/migracao.redenoticia.com.br\/noticia\/wp-json\/wp\/v2\/posts"}],"about":[{"href":"https:\/\/migracao.redenoticia.com.br\/noticia\/wp-json\/wp\/v2\/types\/post"}],"author":[{"embeddable":true,"href":"https:\/\/migracao.redenoticia.com.br\/noticia\/wp-json\/wp\/v2\/users\/4"}],"replies":[{"embeddable":true,"href":"https:\/\/migracao.redenoticia.com.br\/noticia\/wp-json\/wp\/v2\/comments?post=93402"}],"version-history":[{"count":0,"href":"https:\/\/migracao.redenoticia.com.br\/noticia\/wp-json\/wp\/v2\/posts\/93402\/revisions"}],"wp:featuredmedia":[{"embeddable":true,"href":"https:\/\/migracao.redenoticia.com.br\/noticia\/wp-json\/wp\/v2\/media\/87038"}],"wp:attachment":[{"href":"https:\/\/migracao.redenoticia.com.br\/noticia\/wp-json\/wp\/v2\/media?parent=93402"}],"wp:term":[{"taxonomy":"category","embeddable":true,"href":"https:\/\/migracao.redenoticia.com.br\/noticia\/wp-json\/wp\/v2\/categories?post=93402"},{"taxonomy":"post_tag","embeddable":true,"href":"https:\/\/migracao.redenoticia.com.br\/noticia\/wp-json\/wp\/v2\/tags?post=93402"}],"curies":[{"name":"wp","href":"https:\/\/api.w.org\/{rel}","templated":true}]}}