{"id":93404,"date":"2016-08-22T18:30:13","date_gmt":"2016-08-22T21:30:13","guid":{"rendered":"http:\/\/www.redenoticia.com.br\/noticia\/?p=93404"},"modified":"2016-08-22T20:05:02","modified_gmt":"2016-08-22T23:05:02","slug":"novela-eta-mundo-bom-resumo-2308-mafalda-troca-olhares-com-ze-dos-porcos","status":"publish","type":"post","link":"https:\/\/migracao.redenoticia.com.br\/noticia\/2016\/novela-eta-mundo-bom-resumo-2308-mafalda-troca-olhares-com-ze-dos-porcos\/93404","title":{"rendered":"Novela \u201cEta Mundo Bom\u201d resumo 23\/08: Sandra pensa em manter o beb\u00ea como ref\u00e9m"},"content":{"rendered":"<p><img loading=\"lazy\" decoding=\"async\" class=\"alignleft size-thumbnail wp-image-82131\" src=\"https:\/\/migracao.redenoticia.com.br\/noticia\/imagens\/eta_mundo_bom_globo_novela_resumo-150x112.jpg\" alt=\"eta_mundo_bom_globo_novela_resumo\" width=\"150\" height=\"112\" srcset=\"https:\/\/migracao.redenoticia.com.br\/noticia\/imagens\/eta_mundo_bom_globo_novela_resumo-150x112.jpg 150w, https:\/\/migracao.redenoticia.com.br\/noticia\/imagens\/eta_mundo_bom_globo_novela_resumo-265x198.jpg 265w\" sizes=\"auto, (max-width: 150px) 100vw, 150px\" \/><strong><em>Novela \u201cEta Mundo Bom\u201d resumo 23\/08<\/em><\/strong>:\u00a0Ernesto e Sandra ligam para Anast\u00e1cia. A senhora fica apavorada ao ouvir o valor da fortuna que a sobrinha exige para libertar Filomena e seu neto. Anast\u00e1cia pede um dia para conseguir penhorar seus bens e levantar o dinheiro no banco. Desesperado, Candinho pede a Pancr\u00e1cio para se disfar\u00e7ar e tentar encontrar pistas do sequestro de Filomena. Enquanto isso, Sandra pensa em manter o filho de Candinho como ref\u00e9m, mesmo depois que receber o resgate.<\/p>\n<p>No cap\u00edtulo 187(*), novela \u201cEta Mundo Bom\u201d, ter\u00e7a-feira, 23 de agosto \u2013 Sandra informa a Anast\u00e1cia o valor do resgate. Filomena pensa em Candinho.<\/p>\n<p>Pirulito ensina Cl\u00e1udio a jogar futebol. Candinho pede a Pancr\u00e1cio para se disfar\u00e7ar e tentar encontrar pistas do sequestro de Filomena. Severo avisa a Maria que ir\u00e1 se casar com Diana. Pirulito v\u00ea Cara de C\u00e3o em um bar. Josias e Paulina se casam. Mafalda troca olhares com Z\u00e9 dos Porcos.<\/p>\n<p>Sarita tenta se aproximar de Romeu. Gerusa volta para o hospital. Sandra pensa em manter o filho de Candinho como ref\u00e9m depois que receber o resgate.<\/p>\n<p>(*) edi\u00e7\u00e3o da Rede Globo, Novela \u201cEta Mundo Bom\u201d, sujeito a altera\u00e7\u00e3o de data e conte\u00fado.<\/p>\n","protected":false},"excerpt":{"rendered":"<p>Novela \u201cEta Mundo Bom\u201d resumo 23\/08:\u00a0Ernesto e Sandra ligam para Anast\u00e1cia. A senhora fica apavorada ao ouvir o valor da fortuna que a sobrinha exige para libertar Filomena e seu neto. Anast\u00e1cia pede um dia para conseguir penhorar seus bens e levantar o dinheiro no banco. Desesperado, Candinho pede a Pancr\u00e1cio para se disfar\u00e7ar e [&hellip;]<\/p>\n","protected":false},"author":4,"featured_media":82131,"comment_status":"open","ping_status":"closed","sticky":false,"template":"","format":"standard","meta":{"tdm_status":"","tdm_grid_status":"","footnotes":""},"categories":[379,375,343],"tags":[441],"class_list":{"0":"post-93404","1":"post","2":"type-post","3":"status-publish","4":"format-standard","5":"has-post-thumbnail","7":"category-novelas","8":"category-rede-globo","9":"category-televisao","10":"tag-resumo-do-dia"},"_links":{"self":[{"href":"https:\/\/migracao.redenoticia.com.br\/noticia\/wp-json\/wp\/v2\/posts\/93404","targetHints":{"allow":["GET"]}}],"collection":[{"href":"https:\/\/migracao.redenoticia.com.br\/noticia\/wp-json\/wp\/v2\/posts"}],"about":[{"href":"https:\/\/migracao.redenoticia.com.br\/noticia\/wp-json\/wp\/v2\/types\/post"}],"author":[{"embeddable":true,"href":"https:\/\/migracao.redenoticia.com.br\/noticia\/wp-json\/wp\/v2\/users\/4"}],"replies":[{"embeddable":true,"href":"https:\/\/migracao.redenoticia.com.br\/noticia\/wp-json\/wp\/v2\/comments?post=93404"}],"version-history":[{"count":0,"href":"https:\/\/migracao.redenoticia.com.br\/noticia\/wp-json\/wp\/v2\/posts\/93404\/revisions"}],"wp:featuredmedia":[{"embeddable":true,"href":"https:\/\/migracao.redenoticia.com.br\/noticia\/wp-json\/wp\/v2\/media\/82131"}],"wp:attachment":[{"href":"https:\/\/migracao.redenoticia.com.br\/noticia\/wp-json\/wp\/v2\/media?parent=93404"}],"wp:term":[{"taxonomy":"category","embeddable":true,"href":"https:\/\/migracao.redenoticia.com.br\/noticia\/wp-json\/wp\/v2\/categories?post=93404"},{"taxonomy":"post_tag","embeddable":true,"href":"https:\/\/migracao.redenoticia.com.br\/noticia\/wp-json\/wp\/v2\/tags?post=93404"}],"curies":[{"name":"wp","href":"https:\/\/api.w.org\/{rel}","templated":true}]}}