{"id":93406,"date":"2016-08-22T17:30:50","date_gmt":"2016-08-22T20:30:50","guid":{"rendered":"http:\/\/www.redenoticia.com.br\/noticia\/?p=93406"},"modified":"2016-08-22T19:55:04","modified_gmt":"2016-08-22T22:55:04","slug":"novela-anjo-mau-resumo-2308-nice-consegue-liberdade-temporaria","status":"publish","type":"post","link":"https:\/\/migracao.redenoticia.com.br\/noticia\/2016\/novela-anjo-mau-resumo-2308-nice-consegue-liberdade-temporaria\/93406","title":{"rendered":"Novela \u201cAnjo Mau\u201d resumo 23\/08: Nice consegue liberdade tempor\u00e1ria"},"content":{"rendered":"<p><img loading=\"lazy\" decoding=\"async\" class=\"alignleft size-thumbnail wp-image-83094\" src=\"https:\/\/migracao.redenoticia.com.br\/noticia\/imagens\/anjo_mau_novela_resumo-150x112.jpg\" alt=\"anjo_mau_novela_resumo\" width=\"150\" height=\"112\" srcset=\"https:\/\/migracao.redenoticia.com.br\/noticia\/imagens\/anjo_mau_novela_resumo-150x112.jpg 150w, https:\/\/migracao.redenoticia.com.br\/noticia\/imagens\/anjo_mau_novela_resumo-265x198.jpg 265w\" sizes=\"auto, (max-width: 150px) 100vw, 150px\" \/><strong><em>Novela \u201cAnjo Mau\u201d resumo 23\/08<\/em><\/strong>:\u00a0Paula vai \u00e0 delegacia e humilha Nice, que agride a rival. Alzira vai \u00e0 delegacia e diz que foi ela quem matou Josias, mas o delegado n\u00e3o acredita em sua confiss\u00e3o. Depois, Rui denuncia Nice por ter agredido Paula. Mais tarde, o motorista do t\u00e1xi conta a verdade e Nice consegue liberdade tempor\u00e1ria.<\/p>\n<p>No cap\u00edtulo 101(*), novela \u201cAnjo Mau\u201d, ter\u00e7a-feira, 23 de agosto \u2013 o delegado n\u00e3o acredita na confiss\u00e3o de Alzira. Rui denuncia Nice por ter agredido Paula.<\/p>\n<p>Tiana \u00e9 interrogada por Celso e diz que foi um traficante vizinho de Josias que o matou. O motorista do t\u00e1xi conta a verdade e Nice consegue liberdade tempor\u00e1ria.<\/p>\n<p>Paula fica indignada e insinua que Nice poderia ser morta antes de sair da pris\u00e3o.<\/p>\n<p>(*) edi\u00e7\u00e3o da Rede Globo, Novela \u201cAnjo Mau\u201d, sujeito a altera\u00e7\u00e3o de data e conte\u00fado.<\/p>\n","protected":false},"excerpt":{"rendered":"<p>Novela \u201cAnjo Mau\u201d resumo 23\/08:\u00a0Paula vai \u00e0 delegacia e humilha Nice, que agride a rival. Alzira vai \u00e0 delegacia e diz que foi ela quem matou Josias, mas o delegado n\u00e3o acredita em sua confiss\u00e3o. Depois, Rui denuncia Nice por ter agredido Paula. Mais tarde, o motorista do t\u00e1xi conta a verdade e Nice consegue [&hellip;]<\/p>\n","protected":false},"author":4,"featured_media":83094,"comment_status":"open","ping_status":"closed","sticky":false,"template":"","format":"standard","meta":{"tdm_status":"","tdm_grid_status":"","footnotes":""},"categories":[379,375,343],"tags":[441],"class_list":{"0":"post-93406","1":"post","2":"type-post","3":"status-publish","4":"format-standard","5":"has-post-thumbnail","7":"category-novelas","8":"category-rede-globo","9":"category-televisao","10":"tag-resumo-do-dia"},"_links":{"self":[{"href":"https:\/\/migracao.redenoticia.com.br\/noticia\/wp-json\/wp\/v2\/posts\/93406","targetHints":{"allow":["GET"]}}],"collection":[{"href":"https:\/\/migracao.redenoticia.com.br\/noticia\/wp-json\/wp\/v2\/posts"}],"about":[{"href":"https:\/\/migracao.redenoticia.com.br\/noticia\/wp-json\/wp\/v2\/types\/post"}],"author":[{"embeddable":true,"href":"https:\/\/migracao.redenoticia.com.br\/noticia\/wp-json\/wp\/v2\/users\/4"}],"replies":[{"embeddable":true,"href":"https:\/\/migracao.redenoticia.com.br\/noticia\/wp-json\/wp\/v2\/comments?post=93406"}],"version-history":[{"count":0,"href":"https:\/\/migracao.redenoticia.com.br\/noticia\/wp-json\/wp\/v2\/posts\/93406\/revisions"}],"wp:featuredmedia":[{"embeddable":true,"href":"https:\/\/migracao.redenoticia.com.br\/noticia\/wp-json\/wp\/v2\/media\/83094"}],"wp:attachment":[{"href":"https:\/\/migracao.redenoticia.com.br\/noticia\/wp-json\/wp\/v2\/media?parent=93406"}],"wp:term":[{"taxonomy":"category","embeddable":true,"href":"https:\/\/migracao.redenoticia.com.br\/noticia\/wp-json\/wp\/v2\/categories?post=93406"},{"taxonomy":"post_tag","embeddable":true,"href":"https:\/\/migracao.redenoticia.com.br\/noticia\/wp-json\/wp\/v2\/tags?post=93406"}],"curies":[{"name":"wp","href":"https:\/\/api.w.org\/{rel}","templated":true}]}}