{"id":93408,"date":"2016-08-22T19:45:53","date_gmt":"2016-08-22T22:45:53","guid":{"rendered":"http:\/\/www.redenoticia.com.br\/noticia\/?p=93408"},"modified":"2016-08-22T20:09:24","modified_gmt":"2016-08-22T23:09:24","slug":"novela-carrossel-resumo-2308-as-meninas-conversam-com-a-avo-e-davi","status":"publish","type":"post","link":"https:\/\/migracao.redenoticia.com.br\/noticia\/2016\/novela-carrossel-resumo-2308-as-meninas-conversam-com-a-avo-e-davi\/93408","title":{"rendered":"Novela \u201cCarrossel\u201d resumo 23\/08: as meninas conversam com a av\u00f3 de Davi"},"content":{"rendered":"<p><img loading=\"lazy\" decoding=\"async\" class=\"alignleft size-thumbnail wp-image-82147\" src=\"https:\/\/migracao.redenoticia.com.br\/noticia\/imagens\/Carrossel_resumo_novela_sbt-150x112.jpg\" alt=\"Carrossel_resumo_novela_sbt\" width=\"150\" height=\"112\" srcset=\"https:\/\/migracao.redenoticia.com.br\/noticia\/imagens\/Carrossel_resumo_novela_sbt-150x112.jpg 150w, https:\/\/migracao.redenoticia.com.br\/noticia\/imagens\/Carrossel_resumo_novela_sbt-265x198.jpg 265w\" sizes=\"auto, (max-width: 150px) 100vw, 150px\" \/><strong><em>Novela \u201cCarrossel\u201d resumo 23\/08<\/em><\/strong>:\u00a0Val\u00e9ria tem a ideia de ir at\u00e9 a casa de Davi, pois como eles s\u00e3o judeus podem ter alguma rela\u00e7\u00e3o com a fam\u00edlia que Lola abrigou em sua casa. A garota acha que a dona Sara pode reconhecer algu\u00e9m na foto que acharam. Ao chegarem \u00e0 casa de Davi, as meninas conversam com a av\u00f3 do garoto, mas ela n\u00e3o pode ajudar, pois n\u00e3o reconhece ningu\u00e9m da foto e diz que nunca ouviu o nome daquelas pessoas. Ao ir embora, Davi questiona Sara sobre o que as meninas queriam com ela, mas sua av\u00f3 diz que prometeu que n\u00e3o contaria nada a ningu\u00e9m.<\/p>\n<p>No cap\u00edtulo 377(*), novela \u201cCarrossel\u201d, ter\u00e7a-feira, 23 de agosto \u2013 Paulo conforta Jaime e diz que est\u00e1 tudo bem dentro da casa abandonada e que as meninas s\u00f3 estavam conversando. Jaime acha que tem algo estranho acontecendo. Val\u00e9ria tem a ideia de ir at\u00e9 a casa de Davi, pois como eles s\u00e3o judeus podem ter alguma rela\u00e7\u00e3o com a fam\u00edlia que Lola abrigou em sua casa.<\/p>\n<p>A garota acha que a dona Sara (Lilian Blanc) pode reconhecer algu\u00e9m na foto que acharam. Ao chegarem \u00e0 casa de Davi, as meninas conversam com a av\u00f3 do garoto, mas ela n\u00e3o pode ajudar, pois n\u00e3o reconhece ningu\u00e9m da foto e diz que nunca ouviu o nome daquelas pessoas. Ao ir embora, Davi questiona Sara sobre o que as meninas queriam com ela, mas sua av\u00f3 diz que prometeu que n\u00e3o contaria nada a ningu\u00e9m.<\/p>\n<p>Alicia volta a ler o di\u00e1rio e Lola continuava escrevendo o quanto sentia falta de La\u00e9rcio (Andr\u00e9 Fusko). A garota contou que o oficial voltou \u00e0 sua casa para dar a not\u00edcia que o estado de sa\u00fade de seu pai havia piorado e que ele s\u00f3 voltaria para a casa quando estivesse recuperado.<\/p>\n<p>(*) edi\u00e7\u00e3o do SBT, Novela \u201cCarrossel\u201d, sujeito a altera\u00e7\u00e3o de data e conte\u00fado.<\/p>\n","protected":false},"excerpt":{"rendered":"<p>Novela \u201cCarrossel\u201d resumo 23\/08:\u00a0Val\u00e9ria tem a ideia de ir at\u00e9 a casa de Davi, pois como eles s\u00e3o judeus podem ter alguma rela\u00e7\u00e3o com a fam\u00edlia que Lola abrigou em sua casa. A garota acha que a dona Sara pode reconhecer algu\u00e9m na foto que acharam. Ao chegarem \u00e0 casa de Davi, as meninas conversam [&hellip;]<\/p>\n","protected":false},"author":4,"featured_media":82147,"comment_status":"open","ping_status":"closed","sticky":false,"template":"","format":"standard","meta":{"tdm_status":"","tdm_grid_status":"","footnotes":""},"categories":[379,372,343],"tags":[441],"class_list":{"0":"post-93408","1":"post","2":"type-post","3":"status-publish","4":"format-standard","5":"has-post-thumbnail","7":"category-novelas","8":"category-sbt","9":"category-televisao","10":"tag-resumo-do-dia"},"_links":{"self":[{"href":"https:\/\/migracao.redenoticia.com.br\/noticia\/wp-json\/wp\/v2\/posts\/93408","targetHints":{"allow":["GET"]}}],"collection":[{"href":"https:\/\/migracao.redenoticia.com.br\/noticia\/wp-json\/wp\/v2\/posts"}],"about":[{"href":"https:\/\/migracao.redenoticia.com.br\/noticia\/wp-json\/wp\/v2\/types\/post"}],"author":[{"embeddable":true,"href":"https:\/\/migracao.redenoticia.com.br\/noticia\/wp-json\/wp\/v2\/users\/4"}],"replies":[{"embeddable":true,"href":"https:\/\/migracao.redenoticia.com.br\/noticia\/wp-json\/wp\/v2\/comments?post=93408"}],"version-history":[{"count":0,"href":"https:\/\/migracao.redenoticia.com.br\/noticia\/wp-json\/wp\/v2\/posts\/93408\/revisions"}],"wp:featuredmedia":[{"embeddable":true,"href":"https:\/\/migracao.redenoticia.com.br\/noticia\/wp-json\/wp\/v2\/media\/82147"}],"wp:attachment":[{"href":"https:\/\/migracao.redenoticia.com.br\/noticia\/wp-json\/wp\/v2\/media?parent=93408"}],"wp:term":[{"taxonomy":"category","embeddable":true,"href":"https:\/\/migracao.redenoticia.com.br\/noticia\/wp-json\/wp\/v2\/categories?post=93408"},{"taxonomy":"post_tag","embeddable":true,"href":"https:\/\/migracao.redenoticia.com.br\/noticia\/wp-json\/wp\/v2\/tags?post=93408"}],"curies":[{"name":"wp","href":"https:\/\/api.w.org\/{rel}","templated":true}]}}