{"id":93410,"date":"2016-08-22T19:30:44","date_gmt":"2016-08-22T22:30:44","guid":{"rendered":"http:\/\/www.redenoticia.com.br\/noticia\/?p=93410"},"modified":"2016-08-22T20:08:13","modified_gmt":"2016-08-22T23:08:13","slug":"novela-cumplices-de-um-resgate-resumo-2308-rebeca-coloca-isabela-para-trabalhar-na-confeccao","status":"publish","type":"post","link":"https:\/\/migracao.redenoticia.com.br\/noticia\/2016\/novela-cumplices-de-um-resgate-resumo-2308-rebeca-coloca-isabela-para-trabalhar-na-confeccao\/93410","title":{"rendered":"Novela \u201cC\u00famplices de um Resgate\u201d resumo 23\/08: Rebeca castiga Isabela"},"content":{"rendered":"<p><img loading=\"lazy\" decoding=\"async\" class=\"alignleft size-thumbnail wp-image-71351\" src=\"https:\/\/migracao.redenoticia.com.br\/noticia\/imagens\/cumplices_de_um_resgate_sbt_novela_resumo-150x112.jpg\" alt=\"cumplices_de_um_resgate_sbt_novela_resumo\" width=\"150\" height=\"112\" srcset=\"https:\/\/migracao.redenoticia.com.br\/noticia\/imagens\/cumplices_de_um_resgate_sbt_novela_resumo-150x112.jpg 150w, https:\/\/migracao.redenoticia.com.br\/noticia\/imagens\/cumplices_de_um_resgate_sbt_novela_resumo-265x198.jpg 265w\" sizes=\"auto, (max-width: 150px) 100vw, 150px\" \/><strong><em>Novela \u201cC\u00famplices de um Resgate\u201d resumo 23\/08<\/em><\/strong>:\u00a0Isabela aceita se passar pela Manuela para fazer uma prova de matem\u00e1tica em seu lugar. Enquanto isso, Rebeca e Nina estranham o comportamento de Isabela, que na verdade \u00e9 Manuela. Isabela volta para casa e chama a irm\u00e3 para conversar no quarto. Rebeca entra no quarto e, para surpresa das g\u00eameas, questiona porque elas trocaram de lugar. Ap\u00f3s descobrir a trapa\u00e7a, Rebeca coloca Isabela para trabalhar na confec\u00e7\u00e3o, enquanto Manuela vai ter que refazer a prova.<\/p>\n<p>No cap\u00edtulo 277(*), novela \u201cC\u00famplice de um Resgate\u201d, ter\u00e7a-feira, 23 de agosto \u2013 Isabela troca de lugar com Manuela para fazer a prova de matem\u00e1tica.<\/p>\n<p>Enquanto isso, Rebeca e Nina estranham o comportamento de Isabela, que na verdade \u00e9 Manuela. \u00a0\u00a0A m\u00e3e de Omar n\u00e3o passa bem. Rebeca entra no quarto e, para surpresa das g\u00eameas, questiona porque elas trocaram de lugar.<\/p>\n<p>Rebeca castiga Isabela e diz que Manuela ter\u00e1 que fazer a prova novamente. Sandro sai da cadeia, pois pagaram sua fian\u00e7a. O homem fica emocionado ao saber que foi Laura.<\/p>\n<p>(*) edi\u00e7\u00e3o do SBT, Novela \u201cC\u00famplices de um Resgate\u201d, sujeito a altera\u00e7\u00e3o de data e conte\u00fado.<\/p>\n","protected":false},"excerpt":{"rendered":"<p>Novela \u201cC\u00famplices de um Resgate\u201d resumo 23\/08:\u00a0Isabela aceita se passar pela Manuela para fazer uma prova de matem\u00e1tica em seu lugar. Enquanto isso, Rebeca e Nina estranham o comportamento de Isabela, que na verdade \u00e9 Manuela. Isabela volta para casa e chama a irm\u00e3 para conversar no quarto. Rebeca entra no quarto e, para surpresa [&hellip;]<\/p>\n","protected":false},"author":4,"featured_media":71351,"comment_status":"open","ping_status":"closed","sticky":false,"template":"","format":"standard","meta":{"tdm_status":"","tdm_grid_status":"","footnotes":""},"categories":[379,372,343],"tags":[441],"class_list":{"0":"post-93410","1":"post","2":"type-post","3":"status-publish","4":"format-standard","5":"has-post-thumbnail","7":"category-novelas","8":"category-sbt","9":"category-televisao","10":"tag-resumo-do-dia"},"_links":{"self":[{"href":"https:\/\/migracao.redenoticia.com.br\/noticia\/wp-json\/wp\/v2\/posts\/93410","targetHints":{"allow":["GET"]}}],"collection":[{"href":"https:\/\/migracao.redenoticia.com.br\/noticia\/wp-json\/wp\/v2\/posts"}],"about":[{"href":"https:\/\/migracao.redenoticia.com.br\/noticia\/wp-json\/wp\/v2\/types\/post"}],"author":[{"embeddable":true,"href":"https:\/\/migracao.redenoticia.com.br\/noticia\/wp-json\/wp\/v2\/users\/4"}],"replies":[{"embeddable":true,"href":"https:\/\/migracao.redenoticia.com.br\/noticia\/wp-json\/wp\/v2\/comments?post=93410"}],"version-history":[{"count":0,"href":"https:\/\/migracao.redenoticia.com.br\/noticia\/wp-json\/wp\/v2\/posts\/93410\/revisions"}],"wp:featuredmedia":[{"embeddable":true,"href":"https:\/\/migracao.redenoticia.com.br\/noticia\/wp-json\/wp\/v2\/media\/71351"}],"wp:attachment":[{"href":"https:\/\/migracao.redenoticia.com.br\/noticia\/wp-json\/wp\/v2\/media?parent=93410"}],"wp:term":[{"taxonomy":"category","embeddable":true,"href":"https:\/\/migracao.redenoticia.com.br\/noticia\/wp-json\/wp\/v2\/categories?post=93410"},{"taxonomy":"post_tag","embeddable":true,"href":"https:\/\/migracao.redenoticia.com.br\/noticia\/wp-json\/wp\/v2\/tags?post=93410"}],"curies":[{"name":"wp","href":"https:\/\/api.w.org\/{rel}","templated":true}]}}