{"id":93449,"date":"2016-08-22T21:24:42","date_gmt":"2016-08-23T00:24:42","guid":{"rendered":"http:\/\/www.redenoticia.com.br\/noticia\/?p=93449"},"modified":"2016-08-23T21:54:53","modified_gmt":"2016-08-24T00:54:53","slug":"novela-a-terra-prometida-resumo-2308-tibar-ve-os-hebreus-cruzarem-o-jordao","status":"publish","type":"post","link":"https:\/\/migracao.redenoticia.com.br\/noticia\/2016\/novela-a-terra-prometida-resumo-2308-tibar-ve-os-hebreus-cruzarem-o-jordao\/93449","title":{"rendered":"Novela \u201cA Terra Prometida\u201d resumo 23\/08: Josu\u00e9 beija Aruna"},"content":{"rendered":"<p><img loading=\"lazy\" decoding=\"async\" class=\"alignleft size-thumbnail wp-image-89446\" src=\"https:\/\/migracao.redenoticia.com.br\/noticia\/imagens\/a-terra-prometida-novela-record-resumo-150x112.jpg\" alt=\"a-terra-prometida-novela-record-resumo\" width=\"150\" height=\"112\" srcset=\"https:\/\/migracao.redenoticia.com.br\/noticia\/imagens\/a-terra-prometida-novela-record-resumo-150x112.jpg 150w, https:\/\/migracao.redenoticia.com.br\/noticia\/imagens\/a-terra-prometida-novela-record-resumo-265x198.jpg 265w\" sizes=\"auto, (max-width: 150px) 100vw, 150px\" \/><strong><em>Novela \u201cA Terra Prometida\u201d resumo 23\/08<\/em><\/strong>: na margem do Jord\u00e3o, os hebreus observam, admirados e emocionados, o rio aberto diante da Arca. Josu\u00e9 cavalga at\u00e9 o come\u00e7o do leito seco e todo o povo come\u00e7a a segui-lo. Josu\u00e9 e o povo hebreu avan\u00e7am pelo leito seco do rio Jord\u00e3o. Tibar e Kadmo se espantam ao observar os hebreus cruzarem o Jord\u00e3o. Todas as tribos de Israel seguem atravessando o Jord\u00e3o. Tirda tenta impedir, mas Gael corre em dire\u00e7\u00e3o ao pared\u00e3o de \u00e1gua. Ele e Lila admiram o fen\u00f4meno milagroso. Josu\u00e9 se emociona ao ver seu povo chegar \u00e0 Cana\u00e3. Josu\u00e9 beija Aruna<\/p>\n<p>No capitulo 035(*), novela \u201cA Terra Prometida\u201d, ter\u00e7a-feira, 23 de agosto &#8211; Josu\u00e9 e o povo hebreu avan\u00e7am pelo leito seco do rio Jord\u00e3o. Tibar e Kadmo se espantam ao observar os hebreus cruzarem o Jord\u00e3o. Todas as tribos de Israel seguem atravessando o Jord\u00e3o. Tirda tenta impedir, mas Gael corre em dire\u00e7\u00e3o ao pared\u00e3o de \u00e1gua. Ele e Lila admiram o fen\u00f4meno milagroso. Marek fica sabendo sobre a aproxima\u00e7\u00e3o dos hebreus. O rei avisa que \u00e9 tempo de guerrear. Durante a travessia, Tobias conversa com Quemuel. Ele diz que n\u00e3o v\u00ea a hora de lutar para provar a todos que n\u00e3o \u00e9 covarde. Samara fala com Aruna e finge bom comportamento. Milah e Raabe conversam sobre os hebreus. <\/p>\n<p>Calebe fala do amor que sente por Noemi. Confiante, Marek afirma que os hebreus jamais chegaram \u00e0 Jeric\u00f3. Melquias conta a Ac\u00e3 e Gibar sobre o tesouro que viu no pal\u00e1cio. Orias se impressiona com a f\u00e9 de Raabe no Deus dos hebreus. Durante a travessia do rio Jord\u00e3o, J\u00e9ssica fica surpresa ao ouvir Salmon dizendo que recebeu ajuda em Jeric\u00f3. Na masmorra do pal\u00e1cio, Zuma e Galimedes ficam sabendo da aproxima\u00e7\u00e3o dos hebreus. Mara mostra pessimismo no futuro da rela\u00e7\u00e3o entre El\u00f3i e Ion\u00e1. Josu\u00e9 \u00e9 o primeiro a pisar na Terra Prometida de Cana\u00e3. Os hebreus tocam pela primeira vez na Terra Santa. Deus fala com Josu\u00e9. O Senhor avisa para o l\u00edder dos hebreus escolher doze homens, um de cada tribo. Os doze escolhidos dever\u00e3o pegar doze pedras que representar\u00e3o o fen\u00f4meno milagroso. Quando o \u00faltimo levita pisa na Terra Prometida, a parede de \u00e1gua desmorona e o rio Jord\u00e3o volta ao normal. <\/p>\n<p>Com as doze pedras coletadas pelos doze l\u00edderes tribais, \u00e9 formado um monumento de pedras. Josu\u00e9 discursa para o povo hebreu. O guerreiro fala da selvageria existente em Jeric\u00f3. Tomado de \u00f3dio, Marek vai at\u00e9 a frente do pal\u00e1cio para ver a situa\u00e7\u00e3o da cidade. Josu\u00e9 se emociona ao ver seu povo chegar \u00e0 Cana\u00e3. Marek afirma que a paz de Jeric\u00f3 nunca esteve t\u00e3o abalada. Bo\u00e3 se mostra satisfeito ao ver a felicidade estampada no rosto de Sama. Ruth fica incomodada com o beijo do casal. Nob\u00e1 fala sobre o Deus dos hebreus com os Lagartos Gosmentos. Noemi e Calebe lembram de quando deixaram o Egito. Josu\u00e9 beija Aruna.<\/p>\n<p>(*) edi\u00e7\u00e3o da Rede Record, Novela \u201cA Terra Prometida\u201d, sujeito a altera\u00e7\u00e3o de data e conte\u00fado.<\/p>\n","protected":false},"excerpt":{"rendered":"<p>Novela \u201cA Terra Prometida\u201d resumo 23\/08: na margem do Jord\u00e3o, os hebreus observam, admirados e emocionados, o rio aberto diante da Arca. Josu\u00e9 cavalga at\u00e9 o come\u00e7o do leito seco e todo o povo come\u00e7a a segui-lo. Josu\u00e9 e o povo hebreu avan\u00e7am pelo leito seco do rio Jord\u00e3o. Tibar e Kadmo se espantam ao [&hellip;]<\/p>\n","protected":false},"author":2,"featured_media":89446,"comment_status":"open","ping_status":"closed","sticky":false,"template":"","format":"standard","meta":{"tdm_status":"","tdm_grid_status":"","footnotes":""},"categories":[446,379,371,343],"tags":[441],"class_list":{"0":"post-93449","1":"post","2":"type-post","3":"status-publish","4":"format-standard","5":"has-post-thumbnail","7":"category-a-terra-prometida","8":"category-novelas","9":"category-rede-record","10":"category-televisao","11":"tag-resumo-do-dia"},"_links":{"self":[{"href":"https:\/\/migracao.redenoticia.com.br\/noticia\/wp-json\/wp\/v2\/posts\/93449","targetHints":{"allow":["GET"]}}],"collection":[{"href":"https:\/\/migracao.redenoticia.com.br\/noticia\/wp-json\/wp\/v2\/posts"}],"about":[{"href":"https:\/\/migracao.redenoticia.com.br\/noticia\/wp-json\/wp\/v2\/types\/post"}],"author":[{"embeddable":true,"href":"https:\/\/migracao.redenoticia.com.br\/noticia\/wp-json\/wp\/v2\/users\/2"}],"replies":[{"embeddable":true,"href":"https:\/\/migracao.redenoticia.com.br\/noticia\/wp-json\/wp\/v2\/comments?post=93449"}],"version-history":[{"count":0,"href":"https:\/\/migracao.redenoticia.com.br\/noticia\/wp-json\/wp\/v2\/posts\/93449\/revisions"}],"wp:featuredmedia":[{"embeddable":true,"href":"https:\/\/migracao.redenoticia.com.br\/noticia\/wp-json\/wp\/v2\/media\/89446"}],"wp:attachment":[{"href":"https:\/\/migracao.redenoticia.com.br\/noticia\/wp-json\/wp\/v2\/media?parent=93449"}],"wp:term":[{"taxonomy":"category","embeddable":true,"href":"https:\/\/migracao.redenoticia.com.br\/noticia\/wp-json\/wp\/v2\/categories?post=93449"},{"taxonomy":"post_tag","embeddable":true,"href":"https:\/\/migracao.redenoticia.com.br\/noticia\/wp-json\/wp\/v2\/tags?post=93449"}],"curies":[{"name":"wp","href":"https:\/\/api.w.org\/{rel}","templated":true}]}}