{"id":93495,"date":"2016-08-23T19:13:47","date_gmt":"2016-08-23T22:13:47","guid":{"rendered":"http:\/\/www.redenoticia.com.br\/noticia\/?p=93495"},"modified":"2016-08-23T15:19:30","modified_gmt":"2016-08-23T18:19:30","slug":"novela-sila-resumo-2408-boran-obriga-o-chefe-ali-a-pedir-desculpas-a-sila","status":"publish","type":"post","link":"https:\/\/migracao.redenoticia.com.br\/noticia\/2016\/novela-sila-resumo-2408-boran-obriga-o-chefe-ali-a-pedir-desculpas-a-sila\/93495","title":{"rendered":"Novela \u201cSila\u201d resumo 24\/08: Boran obriga o chefe Ali a pedir desculpas a Sila"},"content":{"rendered":"<p><img loading=\"lazy\" decoding=\"async\" class=\"alignleft size-thumbnail wp-image-83098\" src=\"https:\/\/migracao.redenoticia.com.br\/noticia\/imagens\/sila_band_novela_resumo_capitulo-150x112.jpg\" alt=\"sila_band_novela_resumo_capitulo\" width=\"150\" height=\"112\" srcset=\"https:\/\/migracao.redenoticia.com.br\/noticia\/imagens\/sila_band_novela_resumo_capitulo-150x112.jpg 150w, https:\/\/migracao.redenoticia.com.br\/noticia\/imagens\/sila_band_novela_resumo_capitulo-265x198.jpg 265w\" sizes=\"auto, (max-width: 150px) 100vw, 150px\" \/><strong><em> Novela \u201cSila\u201d resumo 24\/08<\/em><\/strong>: os inimigos de Boran invadem a casa e um dos seguran\u00e7as \u00e9 baleado. Sila e Narin conversam na sacada e tornam-se um alvo dos atiradores. Azad aparece para Narin e ela escapa da morte. Boran obriga o chefe Ali a pedir desculpas a Sila por ter mandado atirar nela. <\/p>\n<p>No capitulo 124 (*), novela \u201cSila\u201d, quarta-feira, 24 de agosto &#8211; Azad aparece para Narin e ela escapa da morte. Celil pro\u00edbe Dilan de ir \u00e0 escola. Boran obriga o chefe Ali a pedir desculpas a Sila por ter mandado atirar nela. Emir se recusa a ir \u00e0 escola sem Dilan. Narin continua a ter vis\u00f5es de Azad. Boran reencontra um velho conhecido de Mardin. Zeinep vai visitar Dilan para uma consulta e isso incomoda Sila.<\/p>\n<p> Boran tem um pesadelo e liga para Zeinep no meio da noite. Sila escuta a liga\u00e7\u00e3o e fica desconfiada, pois tem certeza de que o marido est\u00e1 escondendo alguma coisa. Boran decide proteger uma mulher amea\u00e7ada por outra tribo. Zeinep se oferece para acolher a mulher em casa. Os homens de Boran seguem o carro de Sila e impedem que ela v\u00e1 at\u00e9 a casa da doutora Zeinep.<\/p>\n<p> Sila discute com Boran e destr\u00f3i o quarto. Zeinep tenta acalmar a mulher que ela est\u00e1 escondendo em casa. Zeinep vai ao escrit\u00f3rio de Sila e sai desconcertada ap\u00f3s uma conversa com ela. O l\u00edder de outra tribo planeja raptar a mulher protegida por Boran. Dilan descobre que Bedar est\u00e1 doente. Umu encontra Esma na empresa de Sila.<\/p>\n<p>(*) edi\u00e7\u00e3o da Band, Novela \u201cSila\u201d, sujeito a altera\u00e7\u00e3o de data e conte\u00fado.<\/p>\n","protected":false},"excerpt":{"rendered":"<p>Novela \u201cSila\u201d resumo 24\/08: os inimigos de Boran invadem a casa e um dos seguran\u00e7as \u00e9 baleado. Sila e Narin conversam na sacada e tornam-se um alvo dos atiradores. Azad aparece para Narin e ela escapa da morte. Boran obriga o chefe Ali a pedir desculpas a Sila por ter mandado atirar nela. No capitulo [&hellip;]<\/p>\n","protected":false},"author":2,"featured_media":83098,"comment_status":"open","ping_status":"closed","sticky":false,"template":"","format":"standard","meta":{"tdm_status":"","tdm_grid_status":"","footnotes":""},"categories":[390,379,343],"tags":[441],"class_list":{"0":"post-93495","1":"post","2":"type-post","3":"status-publish","4":"format-standard","5":"has-post-thumbnail","7":"category-band","8":"category-novelas","9":"category-televisao","10":"tag-resumo-do-dia"},"_links":{"self":[{"href":"https:\/\/migracao.redenoticia.com.br\/noticia\/wp-json\/wp\/v2\/posts\/93495","targetHints":{"allow":["GET"]}}],"collection":[{"href":"https:\/\/migracao.redenoticia.com.br\/noticia\/wp-json\/wp\/v2\/posts"}],"about":[{"href":"https:\/\/migracao.redenoticia.com.br\/noticia\/wp-json\/wp\/v2\/types\/post"}],"author":[{"embeddable":true,"href":"https:\/\/migracao.redenoticia.com.br\/noticia\/wp-json\/wp\/v2\/users\/2"}],"replies":[{"embeddable":true,"href":"https:\/\/migracao.redenoticia.com.br\/noticia\/wp-json\/wp\/v2\/comments?post=93495"}],"version-history":[{"count":0,"href":"https:\/\/migracao.redenoticia.com.br\/noticia\/wp-json\/wp\/v2\/posts\/93495\/revisions"}],"wp:featuredmedia":[{"embeddable":true,"href":"https:\/\/migracao.redenoticia.com.br\/noticia\/wp-json\/wp\/v2\/media\/83098"}],"wp:attachment":[{"href":"https:\/\/migracao.redenoticia.com.br\/noticia\/wp-json\/wp\/v2\/media?parent=93495"}],"wp:term":[{"taxonomy":"category","embeddable":true,"href":"https:\/\/migracao.redenoticia.com.br\/noticia\/wp-json\/wp\/v2\/categories?post=93495"},{"taxonomy":"post_tag","embeddable":true,"href":"https:\/\/migracao.redenoticia.com.br\/noticia\/wp-json\/wp\/v2\/tags?post=93495"}],"curies":[{"name":"wp","href":"https:\/\/api.w.org\/{rel}","templated":true}]}}