{"id":93542,"date":"2016-08-24T06:03:14","date_gmt":"2016-08-24T09:03:14","guid":{"rendered":"http:\/\/www.redenoticia.com.br\/noticia\/?p=93542"},"modified":"2016-08-23T19:04:21","modified_gmt":"2016-08-23T22:04:21","slug":"butantan-inicia-a-terceira-etapa-de-testes-humanos-da-vacina-contra-a-dengue","status":"publish","type":"post","link":"https:\/\/migracao.redenoticia.com.br\/noticia\/2016\/butantan-inicia-a-terceira-etapa-de-testes-humanos-da-vacina-contra-a-dengue\/93542","title":{"rendered":"Butantan inicia a terceira etapa de testes humanos da vacina contra a dengue"},"content":{"rendered":"<p> Come\u00e7ou por S\u00e3o Paulo a terceira etapa dos testes humanos da primeira <strong><em>vacina brasileira contra a dengue<\/em><\/strong>, produzida pelo Instituto Butantan, unidade da Secretaria de Sa\u00fade do Governo do Estado de S\u00e3o Paulo, em parceria com os Institutos Nacionais de Sa\u00fade dos Estados Unidos (NIH, na sigla em ingl\u00eas).<\/p>\n<p>Nesta etapa iniciada na Santa Casa de Miseric\u00f3rdia de S\u00e3o Paulo participam 1,2 mil volunt\u00e1rios. No total, o estudo envolver\u00e1 17 mil pessoas, de 18 a 59 anos de idade, em 13 cidades de cinco regi\u00f5es do Brasil.<\/p>\n<p>Na Santa Casa de Miseric\u00f3rdia de S\u00e3o Paulo, os ensaios cl\u00ednicos ser\u00e3o conduzidos pelo professor Jos\u00e9 Cassio Moraes. Os volunt\u00e1rios ser\u00e3o selecionados por meio do programa Estrat\u00e9gia de Sa\u00fade da Fam\u00edlia, desenvolvido pelo centro de Sa\u00fade da Escola da Santa Casa de Miseric\u00f3rdia, criado em 1967.<\/p>\n<p>Essa \u00e9 a terceira e \u00faltima etapa de testes antes de a vacina ser submetida \u00e0 aprova\u00e7\u00e3o da ANVISA (Ag\u00eancia Nacional de Vigil\u00e2ncia Sanit\u00e1ria). O objetivo \u00e9 comprovar a efic\u00e1cia da vacina. Caso aprovada, ela passa a ser produzida em larga escala pelo Instituto Butantan e ser\u00e1 utilizada em campanhas de imuniza\u00e7\u00e3o em massa na rede p\u00fablica de sa\u00fade em todo o Brasil.<\/p>\n<p>Nas etapas anteriores, a vacina foi testada em 900 pessoas: 600 na primeira fase de testes cl\u00ednicos, realizada nos Estados Unidos, pelos NIH, e 300 na segunda etapa, realizada em S\u00e3o Paulo, em parceria com a Faculdade de Medicina da USP, atrav\u00e9s do Hospital das Cl\u00ednicas e do Instituto da Crian\u00e7a, com o Instituto Adolf Lutz.<\/p>\n<p>Os testes j\u00e1 est\u00e3o em andamento em Manaus (AM), Boa Vista (RR) e Porto Velho (RO), na regi\u00e3o Norte, em mais dois centros no Estado de S\u00e3o Paulo (Hospital das Cl\u00ednicas da Faculdade de Medicina da USP e Faculdade de Medicina de S\u00e3o Jos\u00e9 do Rio Preto), em um centro de pesquisa de Fortaleza (CE) e outro em Porto Alegre (RS). Ao todo s\u00e3o 14 centros de pesquisa credenciados pelo Butantan para a realiza\u00e7\u00e3o dos estudos.<\/p>\n<p>Os testes envolvem 17 mil volunt\u00e1rios. S\u00e3o convidadas a participar pessoas saud\u00e1veis que j\u00e1 tiveram ou n\u00e3o dengue em algum momento da vida e que se enquadrem em tr\u00eas faixas et\u00e1rias: 2 a 6 anos, 7 a 17 anos e 18 a 59 anos.\u00a0 Os participantes do estudo s\u00e3o acompanhados pela equipe m\u00e9dica por um per\u00edodo de cinco anos para verificar a dura\u00e7\u00e3o da prote\u00e7\u00e3o oferecida pela vacina.<\/p>\n<p>A vacina desenvolvida pelo Butantan, em parceria com o NIH, \u00e9 produzida com v\u00edrus vivos, mas geneticamente atenuados, isto \u00e9, enfraquecidos, incapazes de provocar a doen\u00e7a.<\/p>\n<p>Do total de volunt\u00e1rios, 2\/3 receber\u00e3o a vacina e 1\/3 receber\u00e1 placebo, uma subst\u00e2ncia com as mesmas caracter\u00edsticas da vacina, mas sem efeito. Tanto a equipe m\u00e9dica quanto os participantes n\u00e3o saber\u00e3o quem vai receber a vacina ou o placebo. S\u00f3 posteriormente, a partir de exames coletados dos volunt\u00e1rios \u00e9 que ser\u00e1 poss\u00edvel saber se quem recebeu a vacina ficou protegido ou quem tomou o placebo contraiu a doen\u00e7a.<\/p>\n<p>Os dados dispon\u00edveis at\u00e9 agora das duas primeiras fases indicam que a vacina \u00e9 segura, que induz o organismo a produzir anticorpos de maneira equilibrada contra os quatro v\u00edrus da dengue e que \u00e9 potencialmente eficaz.<\/p>\n<p>Do Portal do Governo do Estado SP<\/p>\n","protected":false},"excerpt":{"rendered":"<p>Come\u00e7ou por S\u00e3o Paulo a terceira etapa dos testes humanos da primeira vacina brasileira contra a dengue, produzida pelo Instituto Butantan, unidade da Secretaria de Sa\u00fade do Governo do Estado de S\u00e3o Paulo, em parceria com os Institutos Nacionais de Sa\u00fade dos Estados Unidos (NIH, na sigla em ingl\u00eas). Nesta etapa iniciada na Santa Casa [&hellip;]<\/p>\n","protected":false},"author":2,"featured_media":34747,"comment_status":"open","ping_status":"closed","sticky":false,"template":"","format":"standard","meta":{"tdm_status":"","tdm_grid_status":"","footnotes":""},"categories":[22,5],"tags":[],"class_list":{"0":"post-93542","1":"post","2":"type-post","3":"status-publish","4":"format-standard","5":"has-post-thumbnail","7":"category-brasil","8":"category-saude-e-vida"},"_links":{"self":[{"href":"https:\/\/migracao.redenoticia.com.br\/noticia\/wp-json\/wp\/v2\/posts\/93542","targetHints":{"allow":["GET"]}}],"collection":[{"href":"https:\/\/migracao.redenoticia.com.br\/noticia\/wp-json\/wp\/v2\/posts"}],"about":[{"href":"https:\/\/migracao.redenoticia.com.br\/noticia\/wp-json\/wp\/v2\/types\/post"}],"author":[{"embeddable":true,"href":"https:\/\/migracao.redenoticia.com.br\/noticia\/wp-json\/wp\/v2\/users\/2"}],"replies":[{"embeddable":true,"href":"https:\/\/migracao.redenoticia.com.br\/noticia\/wp-json\/wp\/v2\/comments?post=93542"}],"version-history":[{"count":0,"href":"https:\/\/migracao.redenoticia.com.br\/noticia\/wp-json\/wp\/v2\/posts\/93542\/revisions"}],"wp:featuredmedia":[{"embeddable":true,"href":"https:\/\/migracao.redenoticia.com.br\/noticia\/wp-json\/wp\/v2\/media\/34747"}],"wp:attachment":[{"href":"https:\/\/migracao.redenoticia.com.br\/noticia\/wp-json\/wp\/v2\/media?parent=93542"}],"wp:term":[{"taxonomy":"category","embeddable":true,"href":"https:\/\/migracao.redenoticia.com.br\/noticia\/wp-json\/wp\/v2\/categories?post=93542"},{"taxonomy":"post_tag","embeddable":true,"href":"https:\/\/migracao.redenoticia.com.br\/noticia\/wp-json\/wp\/v2\/tags?post=93542"}],"curies":[{"name":"wp","href":"https:\/\/api.w.org\/{rel}","templated":true}]}}