{"id":93565,"date":"2016-08-24T21:00:23","date_gmt":"2016-08-25T00:00:23","guid":{"rendered":"http:\/\/www.redenoticia.com.br\/noticia\/?p=93565"},"modified":"2016-08-24T15:40:03","modified_gmt":"2016-08-24T18:40:03","slug":"novela-justica-resumo-2308-debora-conta-que-foi-violentada","status":"publish","type":"post","link":"https:\/\/migracao.redenoticia.com.br\/noticia\/2016\/novela-justica-resumo-2308-debora-conta-que-foi-violentada\/93565","title":{"rendered":"Novela \u201cJusti\u00e7a\u201d resumo 25\/08: Rose e Celso namoram no quarto de D\u00e9bora"},"content":{"rendered":"<p><img loading=\"lazy\" decoding=\"async\" class=\"alignleft size-thumbnail wp-image-92259\" src=\"https:\/\/migracao.redenoticia.com.br\/noticia\/imagens\/novela_globo_justica_resumo-150x112.jpg\" alt=\"novela_globo_justica_resumo\" width=\"150\" height=\"112\" srcset=\"https:\/\/migracao.redenoticia.com.br\/noticia\/imagens\/novela_globo_justica_resumo-150x112.jpg 150w, https:\/\/migracao.redenoticia.com.br\/noticia\/imagens\/novela_globo_justica_resumo-265x198.jpg 265w\" sizes=\"auto, (max-width: 150px) 100vw, 150px\" \/><strong><em>Novela \u201cJusti\u00e7a\u201d resumo 25\/08 <\/em><\/strong>:\u00a0dono de um quiosque na praia, Celso \u00e9 aquele t\u00edpico malandro simp\u00e1tico que adora dar conselhos aos clientes. Anos mais velho que Rose, ele \u00e9 claramente gamado nela. A jovem, filha da empregada da casa de D\u00e9bora, leva o rapaz para o quarto da melhor amiga, com quem foi criada desde pequena. Depois do momento quente, ele se declara para a jovem: Tu \u00e9 mulher pra casar.<\/p>\n<p>No cap\u00edtulo 003(*), novela \u201cJusti\u00e7a\u201d, quinta-feira, 25 de agosto \u2013 Rose e Celso namoram no quarto de D\u00e9bora. Rose descobre que passou no vestibular e comemora com D\u00e9bora. D\u00e9bora faz um esc\u00e2ndalo na porta de um restaurante porque algu\u00e9m insulta Rose.<\/p>\n<p>Rose e D\u00e9bora veem o atropelamento de Beatriz e se afastam apressadas. As amigas de Rose chegam para o luau na praia para comemorar seu anivers\u00e1rio. V\u00e1rias pessoas pedem a Rose e D\u00e9bora para comprarem drogas com Celso. Douglas e Falc\u00e3o aparecem no luau e Rose acaba presa.<\/p>\n<p>Zelita discute com Lucy e D\u00e9bora e pede demiss\u00e3o. Passados sete anos, Rose sai do pres\u00eddio, procura D\u00e9bora e Marcelo n\u00e3o gosta da presen\u00e7a da amiga da esposa. D\u00e9bora conta que foi violentada\u00a0 e Rose se oferece para ajudar a encontrar o homem que a agrediu.<\/p>\n<p>(*) edi\u00e7\u00e3o da Rede Globo, Novela \u201cJusti\u00e7a\u201d, sujeito a altera\u00e7\u00e3o de data e conte\u00fado.<\/p>\n","protected":false},"excerpt":{"rendered":"<p>Novela \u201cJusti\u00e7a\u201d resumo 25\/08 :\u00a0dono de um quiosque na praia, Celso \u00e9 aquele t\u00edpico malandro simp\u00e1tico que adora dar conselhos aos clientes. Anos mais velho que Rose, ele \u00e9 claramente gamado nela. A jovem, filha da empregada da casa de D\u00e9bora, leva o rapaz para o quarto da melhor amiga, com quem foi criada desde [&hellip;]<\/p>\n","protected":false},"author":4,"featured_media":92259,"comment_status":"open","ping_status":"closed","sticky":false,"template":"","format":"standard","meta":{"tdm_status":"","tdm_grid_status":"","footnotes":""},"categories":[379,375,343],"tags":[441],"class_list":{"0":"post-93565","1":"post","2":"type-post","3":"status-publish","4":"format-standard","5":"has-post-thumbnail","7":"category-novelas","8":"category-rede-globo","9":"category-televisao","10":"tag-resumo-do-dia"},"_links":{"self":[{"href":"https:\/\/migracao.redenoticia.com.br\/noticia\/wp-json\/wp\/v2\/posts\/93565","targetHints":{"allow":["GET"]}}],"collection":[{"href":"https:\/\/migracao.redenoticia.com.br\/noticia\/wp-json\/wp\/v2\/posts"}],"about":[{"href":"https:\/\/migracao.redenoticia.com.br\/noticia\/wp-json\/wp\/v2\/types\/post"}],"author":[{"embeddable":true,"href":"https:\/\/migracao.redenoticia.com.br\/noticia\/wp-json\/wp\/v2\/users\/4"}],"replies":[{"embeddable":true,"href":"https:\/\/migracao.redenoticia.com.br\/noticia\/wp-json\/wp\/v2\/comments?post=93565"}],"version-history":[{"count":0,"href":"https:\/\/migracao.redenoticia.com.br\/noticia\/wp-json\/wp\/v2\/posts\/93565\/revisions"}],"wp:featuredmedia":[{"embeddable":true,"href":"https:\/\/migracao.redenoticia.com.br\/noticia\/wp-json\/wp\/v2\/media\/92259"}],"wp:attachment":[{"href":"https:\/\/migracao.redenoticia.com.br\/noticia\/wp-json\/wp\/v2\/media?parent=93565"}],"wp:term":[{"taxonomy":"category","embeddable":true,"href":"https:\/\/migracao.redenoticia.com.br\/noticia\/wp-json\/wp\/v2\/categories?post=93565"},{"taxonomy":"post_tag","embeddable":true,"href":"https:\/\/migracao.redenoticia.com.br\/noticia\/wp-json\/wp\/v2\/tags?post=93565"}],"curies":[{"name":"wp","href":"https:\/\/api.w.org\/{rel}","templated":true}]}}