{"id":93573,"date":"2016-08-24T17:30:00","date_gmt":"2016-08-24T20:30:00","guid":{"rendered":"http:\/\/www.redenoticia.com.br\/noticia\/?p=93573"},"modified":"2016-08-24T14:57:49","modified_gmt":"2016-08-24T17:57:49","slug":"novela-a-gata-resumo-2508-paulo-diz-a-esmeralda-que-vai-a-fazenda-com-sua-familia","status":"publish","type":"post","link":"https:\/\/migracao.redenoticia.com.br\/noticia\/2016\/novela-a-gata-resumo-2508-paulo-diz-a-esmeralda-que-vai-a-fazenda-com-sua-familia\/93573","title":{"rendered":"Novela \u201cA Gata\u201d resumo 25\/08: Paulo diz a Esmeralda que vai visitar a fazenda"},"content":{"rendered":"<p><img loading=\"lazy\" decoding=\"async\" class=\"alignleft size-thumbnail wp-image-92254\" src=\"https:\/\/migracao.redenoticia.com.br\/noticia\/imagens\/A_Gata_novela_resumo_SBT-150x112.jpg\" alt=\"A_Gata_novela_resumo_SBT\" width=\"150\" height=\"112\" srcset=\"https:\/\/migracao.redenoticia.com.br\/noticia\/imagens\/A_Gata_novela_resumo_SBT-150x112.jpg 150w, https:\/\/migracao.redenoticia.com.br\/noticia\/imagens\/A_Gata_novela_resumo_SBT-265x198.jpg 265w\" sizes=\"auto, (max-width: 150px) 100vw, 150px\" \/><strong><em>Novela \u201cA Gata\u201d resumo 25\/08<\/em><\/strong>:\u00a0Paulo e Esmeralda decidem se casar de imediato. Paulo diz a seu pai que est\u00e1 apaixonado e deseja se casar. Augusto responde que, se ele estiver falando de M\u00f4nica, j\u00e1 tem sua aprova\u00e7\u00e3o. Paulo responde que a mulher com quem vai se casar \u00e9 Esmeralda, e que ela vai levar o sobrenome Martinez Negrete. Augusto diz que jamais vai aceitar esse casamento. Mais tarde, Paulo diz a Esmeralda que vai na fazenda com sua fam\u00edlia. Ela pede que ele n\u00e3o v\u00e1, pois Lorena vai tratar de separ\u00e1-los. Paulo diz que \u00e9 um compromisso familiar, mas que a mulher que ama \u00e9 somente ela. Augusto diz a Lorena que, se M\u00f4nica n\u00e3o conseguir fazer com que Paulo se esque\u00e7a de Esmeralda, vai ter que mand\u00e1-lo estudar em Nova York.<\/p>\n<p>No cap\u00edtulo 009(*), novela \u201cA Gata\u201d, quinta-feira, 25 de agosto \u2013 Paulo diz a Esmeralda que vai a fazenda com sua fam\u00edlia. Ela pede que ele n\u00e3o v\u00e1, pois Lorena vai tratar de separ\u00e1-lo. Paulo diz que \u00e9 um compromisso familiar, mas que a mulher que ama \u00e9 somente ela. Augusto diz a Lorena que se M\u00f4nica n\u00e3o conseguir fazer com que Paulo se esque\u00e7a de Esmeralda ter\u00e1 que mand\u00e1-lo estudar em Nova York. Paulo e Esmeralda decidem se casar de imediato. Paulo diz a seu pai que est\u00e1 apaixonado e deseja se casar.<\/p>\n<p>Augusto responde que se ele estiver falando de M\u00f4nica, j\u00e1 tem sua aprova\u00e7\u00e3o. Paulo responde que a mulher com quem vai se casar \u00e9 Esmeralda, e que ela levar\u00e1 o sobrenome Martinez Negrete. Augusto diz que jamais aceitar\u00e1 esse casamento. Lorena diz a Virginia que se voltar a ver Centavinho, vai coloc\u00e1-lo na cadeia. Lorena diz a Paulo que ele causou um grande desgosto a seu pai. Ernesto manda chamar Esmeralda a seu escrit\u00f3rio e se oferece para lev\u00e1-la at\u00e9 sua casa. Esmeralda nega, mas ele insiste. Lorena diz a M\u00f4nica que aproveite os dias que vai passar na mans\u00e3o para fazer com que Paulo se esque\u00e7a de Esmeralda. Paulo diz a Esmeralda que vai a fazenda com sua fam\u00edlia. Ela pede que ele n\u00e3o v\u00e1, pois Lorena vai tratar de separ\u00e1-lo.<\/p>\n<p>Paulo diz que \u00e9 um compromisso familiar, mas que a mulher que ama \u00e9 somente ela. Augusto diz a Lorena que se M\u00f4nica n\u00e3o conseguir fazer com que Paulo se esque\u00e7a de Esmeralda ter\u00e1 que mand\u00e1-lo estudar em Nova York. O Silencioso diz que n\u00e3o esqueceu de seu inimigo, e diz que n\u00e3o descansar\u00e1 at\u00e9 v\u00ea-lo derrotado. Alicia diz a Esmeralda que o advogado Cant\u00fa a espera em sua sala para lhe dar algumas instru\u00e7\u00f5es. Uma secret\u00e1ria diz a Esmeralda que as inten\u00e7\u00f5es de Cant\u00fa s\u00e3o claras, e que se ela n\u00e3o satisfazer seus desejos, ser\u00e1 mandada embora e ter\u00e1 que arrumar outro trabalho. Paulo diz a M\u00f4nica que sua m\u00e3e foi quem meteu em sua cabe\u00e7a a ideia de que eles sejam namorados, mas ele n\u00e3o pode ser, pois ama Esmeralda.<\/p>\n<p>(*) edi\u00e7\u00e3o do SBT, Novela \u201cA Gata\u201d, sujeito a altera\u00e7\u00e3o de data e conte\u00fado.<\/p>\n","protected":false},"excerpt":{"rendered":"<p>Novela \u201cA Gata\u201d resumo 25\/08:\u00a0Paulo e Esmeralda decidem se casar de imediato. Paulo diz a seu pai que est\u00e1 apaixonado e deseja se casar. Augusto responde que, se ele estiver falando de M\u00f4nica, j\u00e1 tem sua aprova\u00e7\u00e3o. Paulo responde que a mulher com quem vai se casar \u00e9 Esmeralda, e que ela vai levar o [&hellip;]<\/p>\n","protected":false},"author":4,"featured_media":92254,"comment_status":"open","ping_status":"closed","sticky":false,"template":"","format":"standard","meta":{"tdm_status":"","tdm_grid_status":"","footnotes":""},"categories":[379,372,343],"tags":[441],"class_list":{"0":"post-93573","1":"post","2":"type-post","3":"status-publish","4":"format-standard","5":"has-post-thumbnail","7":"category-novelas","8":"category-sbt","9":"category-televisao","10":"tag-resumo-do-dia"},"_links":{"self":[{"href":"https:\/\/migracao.redenoticia.com.br\/noticia\/wp-json\/wp\/v2\/posts\/93573","targetHints":{"allow":["GET"]}}],"collection":[{"href":"https:\/\/migracao.redenoticia.com.br\/noticia\/wp-json\/wp\/v2\/posts"}],"about":[{"href":"https:\/\/migracao.redenoticia.com.br\/noticia\/wp-json\/wp\/v2\/types\/post"}],"author":[{"embeddable":true,"href":"https:\/\/migracao.redenoticia.com.br\/noticia\/wp-json\/wp\/v2\/users\/4"}],"replies":[{"embeddable":true,"href":"https:\/\/migracao.redenoticia.com.br\/noticia\/wp-json\/wp\/v2\/comments?post=93573"}],"version-history":[{"count":0,"href":"https:\/\/migracao.redenoticia.com.br\/noticia\/wp-json\/wp\/v2\/posts\/93573\/revisions"}],"wp:featuredmedia":[{"embeddable":true,"href":"https:\/\/migracao.redenoticia.com.br\/noticia\/wp-json\/wp\/v2\/media\/92254"}],"wp:attachment":[{"href":"https:\/\/migracao.redenoticia.com.br\/noticia\/wp-json\/wp\/v2\/media?parent=93573"}],"wp:term":[{"taxonomy":"category","embeddable":true,"href":"https:\/\/migracao.redenoticia.com.br\/noticia\/wp-json\/wp\/v2\/categories?post=93573"},{"taxonomy":"post_tag","embeddable":true,"href":"https:\/\/migracao.redenoticia.com.br\/noticia\/wp-json\/wp\/v2\/tags?post=93573"}],"curies":[{"name":"wp","href":"https:\/\/api.w.org\/{rel}","templated":true}]}}