{"id":93575,"date":"2016-08-24T21:00:11","date_gmt":"2016-08-25T00:00:11","guid":{"rendered":"http:\/\/www.redenoticia.com.br\/noticia\/?p=93575"},"modified":"2016-08-25T22:12:20","modified_gmt":"2016-08-26T01:12:20","slug":"novela-velho-chico-resumo-2508-santo-nao-segura-a-emocao-ao-ver-novamente-sua-mainha","status":"publish","type":"post","link":"https:\/\/migracao.redenoticia.com.br\/noticia\/2016\/novela-velho-chico-resumo-2508-santo-nao-segura-a-emocao-ao-ver-novamente-sua-mainha\/93575","title":{"rendered":"Novela \u201cVelho Chico\u201d resumo 25\/08: Luzia se enfurece ao ver a rival em sua casa"},"content":{"rendered":"<p><img loading=\"lazy\" decoding=\"async\" class=\"alignleft size-thumbnail wp-image-82169\" src=\"https:\/\/migracao.redenoticia.com.br\/noticia\/imagens\/velho_chico_novela_resumo_globo-150x112.jpg\" alt=\"velho_chico_novela_resumo_globo\" width=\"150\" height=\"112\" srcset=\"https:\/\/migracao.redenoticia.com.br\/noticia\/imagens\/velho_chico_novela_resumo_globo-150x112.jpg 150w, https:\/\/migracao.redenoticia.com.br\/noticia\/imagens\/velho_chico_novela_resumo_globo-265x198.jpg 265w\" sizes=\"auto, (max-width: 150px) 100vw, 150px\" \/><strong><em>Novela \u201cVelho Chico\u201d resumo 25\/08<\/em><\/strong>:\u00a0depois de ser baleado e passar dias aos cuidados de ind\u00edgenas, Santo n\u00e3o via a hora de voltar para casa e rever sua fam\u00edlia. Ao pisar na fazenda na companhia de Tereza, o sertanejo v\u00ea Piedade e n\u00e3o segura a emo\u00e7\u00e3o ao reencontr\u00e1-la. Piedade chora de alegria quando v\u00ea Santo chegar na fazenda com Tereza, mas Luzia se enfurece ao ver a rival em sua casa.<\/p>\n<p>No cap\u00edtulo 141(*), novela \u201cVelho Chico\u201d, quinta-feira, 25 de agosto \u2013 Santo volta para casa. Luzia expulsa Tereza ao v\u00ea-la com Santo no retorno do marido. Miguel diz a Tereza que manter\u00e1 segredo para Santo. Miguel e Ol\u00edvia provocam espanto com beijo. <\/p>\n<p>A not\u00edcia da volta de Santo se espalha pela cidade. Queiroz avisa a Carlos que Santo est\u00e1 vivo. Luzia se enfurece ao ver Tereza em sua casa. Todos questionam Santo sobre o atentado. Luzia pede a Bento para n\u00e3o contar a verdade para o marido. <\/p>\n<p>Santo estranha o comportamento da fam\u00edlia. Afr\u00e2nio flagra Martim em seu escrit\u00f3rio. Tereza volta para casa. Luzia pede para falar com Santo.<\/p>\n<p>(*) edi\u00e7\u00e3o da Rede Globo, Novela \u201cVelho Chico\u201d, sujeito a altera\u00e7\u00e3o de data e conte\u00fado.<\/p>\n","protected":false},"excerpt":{"rendered":"<p>Novela \u201cVelho Chico\u201d resumo 25\/08:\u00a0depois de ser baleado e passar dias aos cuidados de ind\u00edgenas, Santo n\u00e3o via a hora de voltar para casa e rever sua fam\u00edlia. Ao pisar na fazenda na companhia de Tereza, o sertanejo v\u00ea Piedade e n\u00e3o segura a emo\u00e7\u00e3o ao reencontr\u00e1-la. Piedade chora de alegria quando v\u00ea Santo chegar [&hellip;]<\/p>\n","protected":false},"author":4,"featured_media":82169,"comment_status":"open","ping_status":"closed","sticky":false,"template":"","format":"standard","meta":{"tdm_status":"","tdm_grid_status":"","footnotes":""},"categories":[379,375,343],"tags":[441],"class_list":{"0":"post-93575","1":"post","2":"type-post","3":"status-publish","4":"format-standard","5":"has-post-thumbnail","7":"category-novelas","8":"category-rede-globo","9":"category-televisao","10":"tag-resumo-do-dia"},"_links":{"self":[{"href":"https:\/\/migracao.redenoticia.com.br\/noticia\/wp-json\/wp\/v2\/posts\/93575","targetHints":{"allow":["GET"]}}],"collection":[{"href":"https:\/\/migracao.redenoticia.com.br\/noticia\/wp-json\/wp\/v2\/posts"}],"about":[{"href":"https:\/\/migracao.redenoticia.com.br\/noticia\/wp-json\/wp\/v2\/types\/post"}],"author":[{"embeddable":true,"href":"https:\/\/migracao.redenoticia.com.br\/noticia\/wp-json\/wp\/v2\/users\/4"}],"replies":[{"embeddable":true,"href":"https:\/\/migracao.redenoticia.com.br\/noticia\/wp-json\/wp\/v2\/comments?post=93575"}],"version-history":[{"count":0,"href":"https:\/\/migracao.redenoticia.com.br\/noticia\/wp-json\/wp\/v2\/posts\/93575\/revisions"}],"wp:featuredmedia":[{"embeddable":true,"href":"https:\/\/migracao.redenoticia.com.br\/noticia\/wp-json\/wp\/v2\/media\/82169"}],"wp:attachment":[{"href":"https:\/\/migracao.redenoticia.com.br\/noticia\/wp-json\/wp\/v2\/media?parent=93575"}],"wp:term":[{"taxonomy":"category","embeddable":true,"href":"https:\/\/migracao.redenoticia.com.br\/noticia\/wp-json\/wp\/v2\/categories?post=93575"},{"taxonomy":"post_tag","embeddable":true,"href":"https:\/\/migracao.redenoticia.com.br\/noticia\/wp-json\/wp\/v2\/tags?post=93575"}],"curies":[{"name":"wp","href":"https:\/\/api.w.org\/{rel}","templated":true}]}}