{"id":93583,"date":"2016-08-24T19:45:42","date_gmt":"2016-08-24T22:45:42","guid":{"rendered":"http:\/\/www.redenoticia.com.br\/noticia\/?p=93583"},"modified":"2016-08-24T15:05:55","modified_gmt":"2016-08-24T18:05:55","slug":"novela-carrossel-resumo-2508-lola-termina-a-carta-dizendo-que-seu-pai-havia-voltado-da-guerra-bem-e-feliz","status":"publish","type":"post","link":"https:\/\/migracao.redenoticia.com.br\/noticia\/2016\/novela-carrossel-resumo-2508-lola-termina-a-carta-dizendo-que-seu-pai-havia-voltado-da-guerra-bem-e-feliz\/93583","title":{"rendered":"Novela \u201cCarrossel\u201d resumo 25\/08: Lola diz que seu pai voltou da guerra"},"content":{"rendered":"<p><img loading=\"lazy\" decoding=\"async\" class=\"alignleft size-thumbnail wp-image-82147\" src=\"https:\/\/migracao.redenoticia.com.br\/noticia\/imagens\/Carrossel_resumo_novela_sbt-150x112.jpg\" alt=\"Carrossel_resumo_novela_sbt\" width=\"150\" height=\"112\" srcset=\"https:\/\/migracao.redenoticia.com.br\/noticia\/imagens\/Carrossel_resumo_novela_sbt-150x112.jpg 150w, https:\/\/migracao.redenoticia.com.br\/noticia\/imagens\/Carrossel_resumo_novela_sbt-265x198.jpg 265w\" sizes=\"auto, (max-width: 150px) 100vw, 150px\" \/><strong><em>Novela \u201cCarrossel\u201d resumo 25\/08<\/em><\/strong>: ao guardar o \u00e1lbum de fotos, Cristina deixa cair um papel percebe que \u00e9 uma carta de Lola para sua av\u00f3.\u00a0Lola escreve que a \u00fanica coisa triste de ir embora foi deixar o di\u00e1rio para tr\u00e1s, mas que tinha esperan\u00e7a de que algum dia algu\u00e9m o encontrasse para conhecer tudo o que ela passou naquela casa, mas que ia levar com ela um caderno novo, todo branquinho, pronto para receber novas hist\u00f3rias. Lola termina a carta dizendo que seu pai havia voltado da guerra bem e feliz. As meninas ficam felizes pelo final que teve a hist\u00f3ria de Lola.<\/p>\n<p>No cap\u00edtulo 379(*), novela \u201cCarrossel\u201d, quinta-feira, 25 de agosto \u2013 a \u00fanica coisa triste de ir embora foi deixar o meu di\u00e1rio para tr\u00e1s, mas eu tinha esperan\u00e7a de que algum dia algu\u00e9m o encontrasse para conhecer tudo o que eu passei naquela casa.<\/p>\n<p>Antes de sair de casa, senti vontade de passar por todos os lugares que fizeram parte de toda a minha vida, senti um aperto muito grande ao lembrar dos meus amigos que moravam em nossa casa, como se fossem parte da fam\u00edlia. Depois de um tempo, achei que seria bom ficar para tr\u00e1s tudo de triste que aconteceu em minha vida.<\/p>\n<p>E eu ia levar comigo um caderno novo, todo branquinho, pronto para receber novas hist\u00f3rias. Eu mal sabia que a primeira p\u00e1gina do meu novo di\u00e1rio teria a hist\u00f3ria mais feliz de todas\u201d. Lola termina a carta dizendo que seu pai havia voltado da guerra bem e feliz. As meninas ficam felizes pelo final que teve a hist\u00f3ria de Lola.<\/p>\n<p>(*) edi\u00e7\u00e3o do SBT, Novela \u201cCarrossel\u201d, sujeito a altera\u00e7\u00e3o de data e conte\u00fado.<\/p>\n","protected":false},"excerpt":{"rendered":"<p>Novela \u201cCarrossel\u201d resumo 25\/08: ao guardar o \u00e1lbum de fotos, Cristina deixa cair um papel percebe que \u00e9 uma carta de Lola para sua av\u00f3.\u00a0Lola escreve que a \u00fanica coisa triste de ir embora foi deixar o di\u00e1rio para tr\u00e1s, mas que tinha esperan\u00e7a de que algum dia algu\u00e9m o encontrasse para conhecer tudo o [&hellip;]<\/p>\n","protected":false},"author":4,"featured_media":82147,"comment_status":"open","ping_status":"closed","sticky":false,"template":"","format":"standard","meta":{"tdm_status":"","tdm_grid_status":"","footnotes":""},"categories":[379,372,343],"tags":[441],"class_list":{"0":"post-93583","1":"post","2":"type-post","3":"status-publish","4":"format-standard","5":"has-post-thumbnail","7":"category-novelas","8":"category-sbt","9":"category-televisao","10":"tag-resumo-do-dia"},"_links":{"self":[{"href":"https:\/\/migracao.redenoticia.com.br\/noticia\/wp-json\/wp\/v2\/posts\/93583","targetHints":{"allow":["GET"]}}],"collection":[{"href":"https:\/\/migracao.redenoticia.com.br\/noticia\/wp-json\/wp\/v2\/posts"}],"about":[{"href":"https:\/\/migracao.redenoticia.com.br\/noticia\/wp-json\/wp\/v2\/types\/post"}],"author":[{"embeddable":true,"href":"https:\/\/migracao.redenoticia.com.br\/noticia\/wp-json\/wp\/v2\/users\/4"}],"replies":[{"embeddable":true,"href":"https:\/\/migracao.redenoticia.com.br\/noticia\/wp-json\/wp\/v2\/comments?post=93583"}],"version-history":[{"count":0,"href":"https:\/\/migracao.redenoticia.com.br\/noticia\/wp-json\/wp\/v2\/posts\/93583\/revisions"}],"wp:featuredmedia":[{"embeddable":true,"href":"https:\/\/migracao.redenoticia.com.br\/noticia\/wp-json\/wp\/v2\/media\/82147"}],"wp:attachment":[{"href":"https:\/\/migracao.redenoticia.com.br\/noticia\/wp-json\/wp\/v2\/media?parent=93583"}],"wp:term":[{"taxonomy":"category","embeddable":true,"href":"https:\/\/migracao.redenoticia.com.br\/noticia\/wp-json\/wp\/v2\/categories?post=93583"},{"taxonomy":"post_tag","embeddable":true,"href":"https:\/\/migracao.redenoticia.com.br\/noticia\/wp-json\/wp\/v2\/tags?post=93583"}],"curies":[{"name":"wp","href":"https:\/\/api.w.org\/{rel}","templated":true}]}}