{"id":93585,"date":"2016-08-24T19:30:28","date_gmt":"2016-08-24T22:30:28","guid":{"rendered":"http:\/\/www.redenoticia.com.br\/noticia\/?p=93585"},"modified":"2016-08-24T15:04:04","modified_gmt":"2016-08-24T18:04:04","slug":"novela-cumplices-de-um-resgate-resumo-2508-isabela-vai-atras-de-joaquim","status":"publish","type":"post","link":"https:\/\/migracao.redenoticia.com.br\/noticia\/2016\/novela-cumplices-de-um-resgate-resumo-2508-isabela-vai-atras-de-joaquim\/93585","title":{"rendered":"Novela \u201cC\u00famplices de um Resgate\u201d resumo 25\/08: Priscila se irrita com Isabela"},"content":{"rendered":"<p><img loading=\"lazy\" decoding=\"async\" class=\"alignleft size-thumbnail wp-image-71351\" src=\"https:\/\/migracao.redenoticia.com.br\/noticia\/imagens\/cumplices_de_um_resgate_sbt_novela_resumo-150x112.jpg\" alt=\"cumplices_de_um_resgate_sbt_novela_resumo\" width=\"150\" height=\"112\" srcset=\"https:\/\/migracao.redenoticia.com.br\/noticia\/imagens\/cumplices_de_um_resgate_sbt_novela_resumo-150x112.jpg 150w, https:\/\/migracao.redenoticia.com.br\/noticia\/imagens\/cumplices_de_um_resgate_sbt_novela_resumo-265x198.jpg 265w\" sizes=\"auto, (max-width: 150px) 100vw, 150px\" \/><strong><em>Novela \u201cC\u00famplices de um Resgate\u201d resumo 25\/08<\/em><\/strong>:\u00a0Isabela volta para a cidade. Ela tem um pesadelo com Regina que diz n\u00e3o ter falecido e que vai se vingar. Isabela contrata Sandro como seu seguran\u00e7a. Raul e Ot\u00e1vio v\u00e3o at\u00e9 a mans\u00e3o para explicar para Isabela que ela n\u00e3o pode continuar a morar sozinha. Depois, Isabela tenta convencer Joaquim a voltar para a banda, apesar de Benjamim ser folgado. Priscila vai atr\u00e1s do garoto para pedir o mesmo, mas fica irritada ao saber que Isabela j\u00e1 fez isso antes.<\/p>\n<p>No cap\u00edtulo 279(*), novela \u201cC\u00famplice de um Resgate\u201d, quinta-feira, 25 de agosto \u2013 Helena pensa no tecido para seu vestido de noiva na confec\u00e7\u00e3o. Ela canta a m\u00fasica \u201cBanho de Lua\u201d. Fiorina espia e decide ir atr\u00e1s de um terno para que Pedro chame mais aten\u00e7\u00e3o que a noiva.<\/p>\n<p>Pedro diz que n\u00e3o ir\u00e1 usar o terno carnavalesco azul. Manuela e Joaquim comp\u00f5em uma m\u00fasica pelo celular. Raul e Ot\u00e1vio v\u00e3o at\u00e9 a mans\u00e3o para explicar para Isabela que ela n\u00e3o pode continuar a morar sozinha. Isabela vai atr\u00e1s de Joaquim e tenta convencer ele a voltar para a banda, apesar de Benjamim ser folgado.<\/p>\n<p>Priscila vai atr\u00e1s do garoto para pedir o mesmo, mas fica irritada ao saber que Isabela j\u00e1 fez isso antes. Chega o dia da corrida de cavalo e Nico se prepara para correr como jockey.<\/p>\n<p>(*) edi\u00e7\u00e3o do SBT, Novela \u201cC\u00famplices de um Resgate\u201d, sujeito a altera\u00e7\u00e3o de data e conte\u00fado.<\/p>\n","protected":false},"excerpt":{"rendered":"<p>Novela \u201cC\u00famplices de um Resgate\u201d resumo 25\/08:\u00a0Isabela volta para a cidade. Ela tem um pesadelo com Regina que diz n\u00e3o ter falecido e que vai se vingar. Isabela contrata Sandro como seu seguran\u00e7a. Raul e Ot\u00e1vio v\u00e3o at\u00e9 a mans\u00e3o para explicar para Isabela que ela n\u00e3o pode continuar a morar sozinha. Depois, Isabela tenta [&hellip;]<\/p>\n","protected":false},"author":4,"featured_media":71351,"comment_status":"open","ping_status":"closed","sticky":false,"template":"","format":"standard","meta":{"tdm_status":"","tdm_grid_status":"","footnotes":""},"categories":[379,372,343],"tags":[441],"class_list":{"0":"post-93585","1":"post","2":"type-post","3":"status-publish","4":"format-standard","5":"has-post-thumbnail","7":"category-novelas","8":"category-sbt","9":"category-televisao","10":"tag-resumo-do-dia"},"_links":{"self":[{"href":"https:\/\/migracao.redenoticia.com.br\/noticia\/wp-json\/wp\/v2\/posts\/93585","targetHints":{"allow":["GET"]}}],"collection":[{"href":"https:\/\/migracao.redenoticia.com.br\/noticia\/wp-json\/wp\/v2\/posts"}],"about":[{"href":"https:\/\/migracao.redenoticia.com.br\/noticia\/wp-json\/wp\/v2\/types\/post"}],"author":[{"embeddable":true,"href":"https:\/\/migracao.redenoticia.com.br\/noticia\/wp-json\/wp\/v2\/users\/4"}],"replies":[{"embeddable":true,"href":"https:\/\/migracao.redenoticia.com.br\/noticia\/wp-json\/wp\/v2\/comments?post=93585"}],"version-history":[{"count":0,"href":"https:\/\/migracao.redenoticia.com.br\/noticia\/wp-json\/wp\/v2\/posts\/93585\/revisions"}],"wp:featuredmedia":[{"embeddable":true,"href":"https:\/\/migracao.redenoticia.com.br\/noticia\/wp-json\/wp\/v2\/media\/71351"}],"wp:attachment":[{"href":"https:\/\/migracao.redenoticia.com.br\/noticia\/wp-json\/wp\/v2\/media?parent=93585"}],"wp:term":[{"taxonomy":"category","embeddable":true,"href":"https:\/\/migracao.redenoticia.com.br\/noticia\/wp-json\/wp\/v2\/categories?post=93585"},{"taxonomy":"post_tag","embeddable":true,"href":"https:\/\/migracao.redenoticia.com.br\/noticia\/wp-json\/wp\/v2\/tags?post=93585"}],"curies":[{"name":"wp","href":"https:\/\/api.w.org\/{rel}","templated":true}]}}