{"id":93588,"date":"2016-08-24T18:00:51","date_gmt":"2016-08-24T21:00:51","guid":{"rendered":"http:\/\/www.redenoticia.com.br\/noticia\/?p=93588"},"modified":"2016-08-24T15:00:45","modified_gmt":"2016-08-24T18:00:45","slug":"novela-meu-coracao-e-teu-resumo-2508-sebastiao-tropeca-em-um-cabo-e-derruba-o-bolo-de-casamento","status":"publish","type":"post","link":"https:\/\/migracao.redenoticia.com.br\/noticia\/2016\/novela-meu-coracao-e-teu-resumo-2508-sebastiao-tropeca-em-um-cabo-e-derruba-o-bolo-de-casamento\/93588","title":{"rendered":"Novela \u201cMeu Cora\u00e7\u00e3o \u00e9 Teu\u201d resumo 25\/08: Sebasti\u00e3o derruba o bolo envenenado"},"content":{"rendered":"<p><img loading=\"lazy\" decoding=\"async\" class=\"alignleft size-thumbnail wp-image-82119\" src=\"https:\/\/migracao.redenoticia.com.br\/noticia\/imagens\/meu_coracao_e_teu_novela_resumo_sbt-150x112.jpg\" alt=\"meu_coracao_e_teu_novela_resumo_sbt\" width=\"150\" height=\"112\" srcset=\"https:\/\/migracao.redenoticia.com.br\/noticia\/imagens\/meu_coracao_e_teu_novela_resumo_sbt-150x112.jpg 150w, https:\/\/migracao.redenoticia.com.br\/noticia\/imagens\/meu_coracao_e_teu_novela_resumo_sbt-265x198.jpg 265w\" sizes=\"auto, (max-width: 150px) 100vw, 150px\" \/><strong><em>Novela \u201cMeu Cora\u00e7\u00e3o \u00e9 Teu\u201d resumo 25\/08<\/em><\/strong>: Isabela recebe a limousine que supostamente traz Ana, mas se surpreende quando se d\u00e1 conta que seus homens sequestraram a noiva errada. Ana chega \u00e0 igreja e come\u00e7am a cerim\u00f4nia. Isabela est\u00e1 fora da igreja com uma arma, mas se atrapalha e dispara para cima. Ana e Fernando v\u00eaem o esp\u00edrito de Estef\u00e2nia Lascurain, que os aben\u00e7oa na uni\u00e3o. Isabela decide levar a cabo seu terceiro plano: envenenar o bolo do casamento. Ana e Fernando chegam \u00e0 recep\u00e7\u00e3o. Sebasti\u00e3o trope\u00e7a em um cabo e derruba o bolo de casamento. Quando Arquimedes avisa a Isabela que o plano do bolo envenenado falhou, ela fica extremamente furiosa.<\/p>\n<p>No cap\u00edtulo 129(*), novela \u201cMeu Cora\u00e7\u00e3o \u00e9 Teu\u201d, quinta-feira, 25 de agosto \u2013 Isabela recebe a limousine que supostamente traz Ana, mas se surpreende quando se d\u00e1 conta que seus homens sequestraram a noiva errada. Ana chega a igreja e come\u00e7am a cerim\u00f4nia. Isabela est\u00e1 fora da igreja com uma arma, mas se atrapalha e dispara para cima.<\/p>\n<p>Ana e Fernando v\u00eaem o esp\u00edrito de Estef\u00e2nia Lascurain, que os aben\u00e7oa na uni\u00e3o. Isabela decide levar a cabo seu terceiro plano: envenenar o bolo do casamento. Ana e Fernando chegam a recep\u00e7\u00e3o. Laura vai at\u00e9 o casamento para se vingar de Fanny e, quando est\u00e3o frente a frente, Laura amea\u00e7a Fanny com uma navalha. Leon chega e pede aos seguran\u00e7a que tirem Laura do local. Nando vai falar com Helena e Edith para dizer que ama verdadeiramente a Edith. Ambas dizem que n\u00e3o querem ficar com um rapaz ego\u00edsta que n\u00e3o sabe o que quer.<\/p>\n<p>Johnny faz um \u201cjogo\u201d com David, dizendo o que talvez o melhor seja adotar outra crian\u00e7a. Ao se ver sem op\u00e7\u00e3o, ele acaba decidindo dar a cust\u00f3dia da filha a Johnny. Jennifer e Johnny est\u00e3o felizes de por fim serem os pais de Aura. Sebasti\u00e3o trope\u00e7a em um cabo e derruba o bolo de casamento. Quando Arquimedes avisa a Isabela que o plano do \u201cbolo envenenado\u201d falhou, ela fica extremamente furiosa.<\/p>\n<p>(*) edi\u00e7\u00e3o do SBT, Novela \u201cMeu Cora\u00e7\u00e3o \u00e9 Teu\u201d, sujeito a altera\u00e7\u00e3o de data e conte\u00fado.<\/p>\n","protected":false},"excerpt":{"rendered":"<p>Novela \u201cMeu Cora\u00e7\u00e3o \u00e9 Teu\u201d resumo 25\/08: Isabela recebe a limousine que supostamente traz Ana, mas se surpreende quando se d\u00e1 conta que seus homens sequestraram a noiva errada. Ana chega \u00e0 igreja e come\u00e7am a cerim\u00f4nia. Isabela est\u00e1 fora da igreja com uma arma, mas se atrapalha e dispara para cima. Ana e Fernando [&hellip;]<\/p>\n","protected":false},"author":4,"featured_media":82119,"comment_status":"open","ping_status":"closed","sticky":false,"template":"","format":"standard","meta":{"tdm_status":"","tdm_grid_status":"","footnotes":""},"categories":[379,372,343],"tags":[441],"class_list":{"0":"post-93588","1":"post","2":"type-post","3":"status-publish","4":"format-standard","5":"has-post-thumbnail","7":"category-novelas","8":"category-sbt","9":"category-televisao","10":"tag-resumo-do-dia"},"_links":{"self":[{"href":"https:\/\/migracao.redenoticia.com.br\/noticia\/wp-json\/wp\/v2\/posts\/93588","targetHints":{"allow":["GET"]}}],"collection":[{"href":"https:\/\/migracao.redenoticia.com.br\/noticia\/wp-json\/wp\/v2\/posts"}],"about":[{"href":"https:\/\/migracao.redenoticia.com.br\/noticia\/wp-json\/wp\/v2\/types\/post"}],"author":[{"embeddable":true,"href":"https:\/\/migracao.redenoticia.com.br\/noticia\/wp-json\/wp\/v2\/users\/4"}],"replies":[{"embeddable":true,"href":"https:\/\/migracao.redenoticia.com.br\/noticia\/wp-json\/wp\/v2\/comments?post=93588"}],"version-history":[{"count":0,"href":"https:\/\/migracao.redenoticia.com.br\/noticia\/wp-json\/wp\/v2\/posts\/93588\/revisions"}],"wp:featuredmedia":[{"embeddable":true,"href":"https:\/\/migracao.redenoticia.com.br\/noticia\/wp-json\/wp\/v2\/media\/82119"}],"wp:attachment":[{"href":"https:\/\/migracao.redenoticia.com.br\/noticia\/wp-json\/wp\/v2\/media?parent=93588"}],"wp:term":[{"taxonomy":"category","embeddable":true,"href":"https:\/\/migracao.redenoticia.com.br\/noticia\/wp-json\/wp\/v2\/categories?post=93588"},{"taxonomy":"post_tag","embeddable":true,"href":"https:\/\/migracao.redenoticia.com.br\/noticia\/wp-json\/wp\/v2\/tags?post=93588"}],"curies":[{"name":"wp","href":"https:\/\/api.w.org\/{rel}","templated":true}]}}