{"id":93590,"date":"2016-08-24T15:40:41","date_gmt":"2016-08-24T18:40:41","guid":{"rendered":"http:\/\/www.redenoticia.com.br\/noticia\/?p=93590"},"modified":"2016-08-24T14:53:48","modified_gmt":"2016-08-24T17:53:48","slug":"novela-abismo-da-paixao-resumo-2508-elisa-vai-a-igreja-pedir-ao-padre-que-a-case-com-gael","status":"publish","type":"post","link":"https:\/\/migracao.redenoticia.com.br\/noticia\/2016\/novela-abismo-da-paixao-resumo-2508-elisa-vai-a-igreja-pedir-ao-padre-que-a-case-com-gael\/93590","title":{"rendered":"Novela \u201cAbismo da Paix\u00e3o\u201d resumo 25\/08: Elisa escuta Paloma dizer que est\u00e1 gravida"},"content":{"rendered":"<p><img loading=\"lazy\" decoding=\"async\" class=\"alignleft size-thumbnail wp-image-81978\" src=\"https:\/\/migracao.redenoticia.com.br\/noticia\/imagens\/abismo_de_paixao_sbt_resumo_novela-150x112.jpg\" alt=\"abismo_de_paixao_sbt_resumo_novela\" width=\"150\" height=\"112\" srcset=\"https:\/\/migracao.redenoticia.com.br\/noticia\/imagens\/abismo_de_paixao_sbt_resumo_novela-150x112.jpg 150w, https:\/\/migracao.redenoticia.com.br\/noticia\/imagens\/abismo_de_paixao_sbt_resumo_novela-265x198.jpg 265w\" sizes=\"auto, (max-width: 150px) 100vw, 150px\" \/><strong><em>Novela \u201cAbismo da Paix\u00e3o\u201d resumo 25\/08<\/em><\/strong>:\u00a0Dami\u00e3o e Elisa se encontram na lagoa. Ele a pede que n\u00e3o se case e lhe d\u00ea uma oportunidade. Ela diz que vai se casar com Gael por estar verdadeiramente apaixonada por ele. Ramona visita Edmundo em sua casa e pede que ele examine Paloma, j\u00e1 que ela tem reclamado muito de enjoos e n\u00e3o quer comer. Mais tarde, Paloma se confessa com Padre Lupe, diz que se entregou a Gael e suspeita estar gr\u00e1vida. Padre Lupe adverte Gael, dizendo que ele n\u00e3o pode mais se casar com Elisa, pois eles n\u00e3o se amam. Elisa vai \u00e0 igreja pedir ao padre que a case com Gael e escuta quando Paloma diz estar gravida.<\/p>\n<p>No cap\u00edtulo 109 (*), novela \u201cAbismo da Paix\u00e3o\u201d, quinta-feira, 25 de agosto \u2013\u00a0 Elisa pede a Malu que n\u00e3o se afaste de seu padrinho, j\u00e1 que ele precisa demais dela. Malu aproveita para aconselhar Elisa a n\u00e3o se casar, j\u00e1 que ela ama a Dami\u00e3o. Dami\u00e3o e Elisa se encontram na lagoa e ele a pede que n\u00e3o se case e lhe d\u00ea uma oportunidade. Elisa diz que se casar\u00e1 com Gael por estar verdadeiramente apaixonada por ele. Ramona visita Edmundo em sua casa e pede que ele examine Paloma, j\u00e1 que ela tem reclamado muito de enjoos e n\u00e3o quer comer. Paloma se confessa com Padre Lupe e diz que se entregou a Gael e suspeita estar gr\u00e1vida. Padre Lupe adverte Gael, dizendo que ele n\u00e3o pode mais se casar com Elisa, pois eles n\u00e3o se amam. Elisa vai \u00e0 igreja pedir ao padre que a case com Gael e escuta quando Paloma diz estar gr\u00e1vida. Almerinda comenta com Flor\u00eancia que ela e Dami\u00e3o se casar\u00e3o na par\u00f3quia da Fazenda Arango, mas Flor\u00eancia se recusa. Dami\u00e3o tenta se aproximar de Flor\u00eancia para acariciar sua barriga, mas ela se esquiva, dizendo que n\u00e3o quer nada com ele.<\/p>\n<p>Carmem discute com Ramiro, pois ainda n\u00e3o teve nenhuma colheita em \u201cC\u00e9u Aberto\u201d. Ela exige que Ramiro cumpra com o trato que fizeram, mas ele a mostra as copias do contrato de compra e venda assinado por Augusto. Paloma confirma a Edmundo que est\u00e1 gr\u00e1vida de Gael, mas pede ao doutor que n\u00e3o diga nada a sua av\u00f3, pois ela seria capaz de mat\u00e1-la. Sabrina telefona para Henrique a fim de lhe contar tudo pelo que tem passado desde que saiu do povoado. Ele pede a garota que volte, j\u00e1 que Flor\u00eancia tem estado muito mal desde que se divorciou de Edmundo.<\/p>\n<p>Dami\u00e3o visita a Processadora Castanhon e pede a Elisa que lhe mostre as instala\u00e7\u00f5es, mas ela n\u00e3o quer. Ele a felicita pelo excelente trabalho que est\u00e1 fazendo e deseja felicidade em seu casamento. Gael conta a Elisa que Henrique j\u00e1 realizou todos os tramites para que comecem a exportar a pimenta habanero. Carmem percorre a planta\u00e7\u00e3o em \u201cC\u00e9u Aberto\u201d e descobre que est\u00e3o afetadas pela praga. Bet\u00e2nia flagra Edmundo e Ingrid se beijando na fazenda de Ramiro. Flor\u00eancia leva o convite de seu casamento religioso a Elisa, e a pede que n\u00e3o falte. Elisa agradece a aten\u00e7\u00e3o, mas avisa que se casar\u00e1 no mesmo dia com Gael. Almerinda viaja para visitar Paulo e o adverte que investigar\u00e1 a morte de Guido e se encarregar\u00e1 que os respons\u00e1veis paguem na cadeia at\u00e9 o final de suas vidas. Almerinda volta ao povoado, e exige a Hor\u00e1cio que diga toda a verdade. Ele come\u00e7a a lhe contar tudo que fez, seguindo ordens de Ramiro.<\/p>\n<p>(*) edi\u00e7\u00e3o do SBT, Novela \u201cAbismo da Paix\u00e3o\u201d, sujeito a altera\u00e7\u00e3o de data e conte\u00fado.<\/p>\n","protected":false},"excerpt":{"rendered":"<p>Novela \u201cAbismo da Paix\u00e3o\u201d resumo 25\/08:\u00a0Dami\u00e3o e Elisa se encontram na lagoa. Ele a pede que n\u00e3o se case e lhe d\u00ea uma oportunidade. Ela diz que vai se casar com Gael por estar verdadeiramente apaixonada por ele. Ramona visita Edmundo em sua casa e pede que ele examine Paloma, j\u00e1 que ela tem reclamado [&hellip;]<\/p>\n","protected":false},"author":4,"featured_media":81978,"comment_status":"open","ping_status":"closed","sticky":false,"template":"","format":"standard","meta":{"tdm_status":"","tdm_grid_status":"","footnotes":""},"categories":[379,372,343],"tags":[441],"class_list":{"0":"post-93590","1":"post","2":"type-post","3":"status-publish","4":"format-standard","5":"has-post-thumbnail","7":"category-novelas","8":"category-sbt","9":"category-televisao","10":"tag-resumo-do-dia"},"_links":{"self":[{"href":"https:\/\/migracao.redenoticia.com.br\/noticia\/wp-json\/wp\/v2\/posts\/93590","targetHints":{"allow":["GET"]}}],"collection":[{"href":"https:\/\/migracao.redenoticia.com.br\/noticia\/wp-json\/wp\/v2\/posts"}],"about":[{"href":"https:\/\/migracao.redenoticia.com.br\/noticia\/wp-json\/wp\/v2\/types\/post"}],"author":[{"embeddable":true,"href":"https:\/\/migracao.redenoticia.com.br\/noticia\/wp-json\/wp\/v2\/users\/4"}],"replies":[{"embeddable":true,"href":"https:\/\/migracao.redenoticia.com.br\/noticia\/wp-json\/wp\/v2\/comments?post=93590"}],"version-history":[{"count":0,"href":"https:\/\/migracao.redenoticia.com.br\/noticia\/wp-json\/wp\/v2\/posts\/93590\/revisions"}],"wp:featuredmedia":[{"embeddable":true,"href":"https:\/\/migracao.redenoticia.com.br\/noticia\/wp-json\/wp\/v2\/media\/81978"}],"wp:attachment":[{"href":"https:\/\/migracao.redenoticia.com.br\/noticia\/wp-json\/wp\/v2\/media?parent=93590"}],"wp:term":[{"taxonomy":"category","embeddable":true,"href":"https:\/\/migracao.redenoticia.com.br\/noticia\/wp-json\/wp\/v2\/categories?post=93590"},{"taxonomy":"post_tag","embeddable":true,"href":"https:\/\/migracao.redenoticia.com.br\/noticia\/wp-json\/wp\/v2\/tags?post=93590"}],"curies":[{"name":"wp","href":"https:\/\/api.w.org\/{rel}","templated":true}]}}