{"id":93592,"date":"2016-08-24T15:30:50","date_gmt":"2016-08-24T18:30:50","guid":{"rendered":"http:\/\/www.redenoticia.com.br\/noticia\/?p=93592"},"modified":"2016-08-24T14:51:39","modified_gmt":"2016-08-24T17:51:39","slug":"novela-mar-de-amor-resumo-2508-hernan-esta-cada-dia-mais-obcecado-por-estrela","status":"publish","type":"post","link":"https:\/\/migracao.redenoticia.com.br\/noticia\/2016\/novela-mar-de-amor-resumo-2508-hernan-esta-cada-dia-mais-obcecado-por-estrela\/93592","title":{"rendered":"Novela \u201cMar de Amor\u201d resumo 25\/08: Victor come\u00e7a a escrever um novo romance"},"content":{"rendered":"<p><img loading=\"lazy\" decoding=\"async\" class=\"alignleft size-thumbnail wp-image-86321\" src=\"https:\/\/migracao.redenoticia.com.br\/noticia\/imagens\/Mar_de_Amor_SBT_resumo_novela-150x112.jpg\" alt=\"Mar_de_Amor_SBT_resumo_novela\" width=\"150\" height=\"112\" srcset=\"https:\/\/migracao.redenoticia.com.br\/noticia\/imagens\/Mar_de_Amor_SBT_resumo_novela-150x112.jpg 150w, https:\/\/migracao.redenoticia.com.br\/noticia\/imagens\/Mar_de_Amor_SBT_resumo_novela-265x198.jpg 265w\" sizes=\"auto, (max-width: 150px) 100vw, 150px\" \/><strong><em>Novela \u201cMar de Amor\u201d resumo 25\/08<\/em><\/strong>: chega \u00e0 casa de Luciana, Frederica, prima de Hernan, que acaba de sair da cadeia, sem um centavo e apaixonada por ele. Ela se faz c\u00famplice de Simona e ambas est\u00e3o contra Estrela. Hernan est\u00e1 cada dia mais obcecado por Estrela. Ele vai ao hospital psiqui\u00e1trico ver Coral e ela o pede que mantenha Victor e Estrela separados. Hernan responde que j\u00e1 est\u00e1 a agir para isso. Victor segue lendo o di\u00e1rio de Estrelinha e come\u00e7a a escrever seu mais novo romance, que vai se chamar Estrela Marinha.<\/p>\n<p>No cap\u00edtulo 074(*), novela \u201cMar de Amor\u201d, quinta-feira, 25 de agosto \u2013 Frederica, prima de Hernan, rec\u00e9m sa\u00edda da cadeia, sem um centavo e apaixonada por ele, chega \u00e0 casa de Luciana em Acapulco. Ela se faz c\u00famplice de Simona e ambas est\u00e3o contra Estrela. Hernan est\u00e1 cada dia mais obcecado por Estrela.<\/p>\n<p>Hernan vai ao hospital psiqui\u00e1trico ver Coral e ela o pede que mantenha Victor e Estrela separados. Assim, n\u00e3o ter\u00e1 que assinar seu div\u00f3rcio. Hernan responde que j\u00e1 est\u00e1 agindo para isso. Helena tenta recuperar seu beb\u00ea, mas Bracho a impede e amea\u00e7a. Depois de notar a mudan\u00e7a de Santos, e a quantidade que est\u00e1 bebendo, Oriana o segue at\u00e9 o hospital e o v\u00ea aos beijos com Coral.<\/p>\n<p>Victor segue lendo o di\u00e1rio de Estrelinha e come\u00e7a a escrever seu mais novo romance, que se chamar\u00e1 \u201cEstrela Marinha\u201d. Mercedes, enfermeira de Victor, j\u00e1 n\u00e3o esconde mais que est\u00e1 apaixonada por ele. Ela o avisa que um cirurgi\u00e3o pl\u00e1stico j\u00e1 tem seu caso pronto e o operar\u00e1. Catalina telefona para Victor Manuel. Ros\u00e9lia diz a todos que Mercedes convidou Victor para jantar por estar interessada nele.<\/p>\n<p>(*) edi\u00e7\u00e3o do SBT, Novela \u201cMar de Amor\u201d, sujeito a altera\u00e7\u00e3o de data e conte\u00fado.<\/p>\n","protected":false},"excerpt":{"rendered":"<p>Novela \u201cMar de Amor\u201d resumo 25\/08: chega \u00e0 casa de Luciana, Frederica, prima de Hernan, que acaba de sair da cadeia, sem um centavo e apaixonada por ele. Ela se faz c\u00famplice de Simona e ambas est\u00e3o contra Estrela. Hernan est\u00e1 cada dia mais obcecado por Estrela. Ele vai ao hospital psiqui\u00e1trico ver Coral e [&hellip;]<\/p>\n","protected":false},"author":4,"featured_media":86321,"comment_status":"open","ping_status":"closed","sticky":false,"template":"","format":"standard","meta":{"tdm_status":"","tdm_grid_status":"","footnotes":""},"categories":[379,372,343],"tags":[441],"class_list":{"0":"post-93592","1":"post","2":"type-post","3":"status-publish","4":"format-standard","5":"has-post-thumbnail","7":"category-novelas","8":"category-sbt","9":"category-televisao","10":"tag-resumo-do-dia"},"_links":{"self":[{"href":"https:\/\/migracao.redenoticia.com.br\/noticia\/wp-json\/wp\/v2\/posts\/93592","targetHints":{"allow":["GET"]}}],"collection":[{"href":"https:\/\/migracao.redenoticia.com.br\/noticia\/wp-json\/wp\/v2\/posts"}],"about":[{"href":"https:\/\/migracao.redenoticia.com.br\/noticia\/wp-json\/wp\/v2\/types\/post"}],"author":[{"embeddable":true,"href":"https:\/\/migracao.redenoticia.com.br\/noticia\/wp-json\/wp\/v2\/users\/4"}],"replies":[{"embeddable":true,"href":"https:\/\/migracao.redenoticia.com.br\/noticia\/wp-json\/wp\/v2\/comments?post=93592"}],"version-history":[{"count":0,"href":"https:\/\/migracao.redenoticia.com.br\/noticia\/wp-json\/wp\/v2\/posts\/93592\/revisions"}],"wp:featuredmedia":[{"embeddable":true,"href":"https:\/\/migracao.redenoticia.com.br\/noticia\/wp-json\/wp\/v2\/media\/86321"}],"wp:attachment":[{"href":"https:\/\/migracao.redenoticia.com.br\/noticia\/wp-json\/wp\/v2\/media?parent=93592"}],"wp:term":[{"taxonomy":"category","embeddable":true,"href":"https:\/\/migracao.redenoticia.com.br\/noticia\/wp-json\/wp\/v2\/categories?post=93592"},{"taxonomy":"post_tag","embeddable":true,"href":"https:\/\/migracao.redenoticia.com.br\/noticia\/wp-json\/wp\/v2\/tags?post=93592"}],"curies":[{"name":"wp","href":"https:\/\/api.w.org\/{rel}","templated":true}]}}