{"id":93623,"date":"2016-08-24T16:28:14","date_gmt":"2016-08-24T19:28:14","guid":{"rendered":"http:\/\/www.redenoticia.com.br\/noticia\/?p=93623"},"modified":"2016-08-25T16:22:38","modified_gmt":"2016-08-25T19:22:38","slug":"novela-chamas-da-vida-resumo-2508-xavier-aponta-arma-para-vilma","status":"publish","type":"post","link":"https:\/\/migracao.redenoticia.com.br\/noticia\/2016\/novela-chamas-da-vida-resumo-2508-xavier-aponta-arma-para-vilma\/93623","title":{"rendered":"Novela \u201cChamas da Vida\u201d resumo 25\/08: Xavier aponta arma para Vilma"},"content":{"rendered":"<p><img loading=\"lazy\" decoding=\"async\" class=\"alignleft size-thumbnail wp-image-82020\" src=\"https:\/\/migracao.redenoticia.com.br\/noticia\/imagens\/chamas_da_vida_resumo_novela-150x112.jpeg\" alt=\"chamas_da_vida_resumo_novela\" width=\"150\" height=\"112\" \/><strong><em>Novela \u201cChamas da Vida\u201d resumo 25\/08<\/em><\/strong>: Marreta est\u00e1 irritado com o fato de ter que ir \u00e0 audi\u00eancia depor a favor de Mercedes. Beatriz chega e o aconselha a fazer isso para que ele n\u00e3o se complique com a justi\u00e7a e, assim, n\u00e3o atrapalhar o plano do assalto. Mercedes diz que est\u00e1 com medo de Marreta, mas Vilma diz que ele s\u00f3 amea\u00e7a. Vilma desce para a garagem para pegar seu carro. Quando arruma o retrovisor do carro, v\u00ea dois olhos refletidos no espelho. Ela se vira para tr\u00e1s e v\u00ea Xavier, com uma parte do rosto deformado e uma arma na m\u00e3o. Xavier diz que veio dar o troco em Vilma.<\/p>\n<p>No capitulo 207(*), novela \u201cChamas da Vida\u201d, quinta-feira, 25 de agosto &#8211; Ivonete diz \u00e0 Vilma que Tom\u00e1s vai confirmar o depoimento de Darlene dizendo que ouviu Vilma falar que paga Mercedes para tirar Rafa e Vivi de Pedro. Vilma vai tirar satisfa\u00e7\u00e3o com Tom\u00e1s e ele se preocupa, pensando no que deve fazer. Marreta est\u00e1 irritado com o fato de ter que ir \u00e0 audi\u00eancia depor a favor de Mercedes. Beatriz chega e o aconselha a fazer isso para que ele n\u00e3o se complique com a justi\u00e7a e, assim, n\u00e3o atrapalhar o plano do assalto. Carolina e Pedro chegam ao apartamento de Vilma para visitar as crian\u00e7as. Tom\u00e1s chega na sala e fala que n\u00e3o vai confirmar o depoimento de Darlene. Mercedes diz que est\u00e1 com medo de Marreta, mas Vilma diz que ele s\u00f3 amea\u00e7a. Carolina, Ivonete e Pedro ficam indignados com o que Tom\u00e1s falou. Ele diz que se fizer o que eles querem, vai perder a confian\u00e7a de Vilma. <\/p>\n<p>Carolina, Pedro e Ivonete n\u00e3o se convencem com o argumento dele. Tom\u00e1s diz que vai pensar. Eurico orienta Gloria para morar na pens\u00e3o de Tuquinha. Ivonete diz que se Tom\u00e1s n\u00e3o depuser a favor de Pedro, ela n\u00e3o vai mais ficar com ele. Gabriel pede para Junior ajud\u00e1-lo a descobrir quem \u00e9 seu pai. Darlene vai morar na pens\u00e3o. Lipe e Lincon voltam para a delegacia de Fausto. Lipe chega falando com Fausto como se fossem amigos e Fausto d\u00e1 um corte em Lipe, dizendo que logo mais ele vai para o pres\u00eddio. Arlete vai tirar satisfa\u00e7\u00e3o com Tom\u00e1s e acha que ele est\u00e1 mentindo novamente. <\/p>\n<p>Tom\u00e1s explica que n\u00e3o \u00e9 igual \u00e0 sua m\u00e3e e que quer fingir parceria com ela para que ela lhe confesse seus crimes e ele possa coloc\u00e1-la na cadeia. Arlete entende, mas pede que ele pense bem no que ser\u00e1 melhor para todos. Junior aconselha Ra\u00edssa a contar para Gabriel a verdade sobre o estupro que ela sofreu. Guilherme e Michelle chegam no quartel para gravar com os bombeiros. Gloria fala para Michelle, Guilherme e Caz\u00e9 que n\u00e3o tem vontade de casar, somente de namorar muito. Vilma desce para a garagem para pegar seu carro. Quando arruma o retrovisor do carro, v\u00ea dois olhos refletidos no espelho. Ela se vira para tr\u00e1s e v\u00ea Xavier, com uma parte do rosto deformado e uma arma na m\u00e3o. Xavier diz que veio dar o troco em Vilma.<\/p>\n<p>(*) edi\u00e7\u00e3o da Rede Record, Novela \u201cChamas da Vida\u201d, sujeito a altera\u00e7\u00e3o de data e conte\u00fado.<\/p>\n","protected":false},"excerpt":{"rendered":"<p>Novela \u201cChamas da Vida\u201d resumo 25\/08: Marreta est\u00e1 irritado com o fato de ter que ir \u00e0 audi\u00eancia depor a favor de Mercedes. Beatriz chega e o aconselha a fazer isso para que ele n\u00e3o se complique com a justi\u00e7a e, assim, n\u00e3o atrapalhar o plano do assalto. Mercedes diz que est\u00e1 com medo de [&hellip;]<\/p>\n","protected":false},"author":2,"featured_media":82020,"comment_status":"open","ping_status":"closed","sticky":false,"template":"","format":"standard","meta":{"tdm_status":"","tdm_grid_status":"","footnotes":""},"categories":[379,371,343],"tags":[441],"class_list":{"0":"post-93623","1":"post","2":"type-post","3":"status-publish","4":"format-standard","5":"has-post-thumbnail","7":"category-novelas","8":"category-rede-record","9":"category-televisao","10":"tag-resumo-do-dia"},"_links":{"self":[{"href":"https:\/\/migracao.redenoticia.com.br\/noticia\/wp-json\/wp\/v2\/posts\/93623","targetHints":{"allow":["GET"]}}],"collection":[{"href":"https:\/\/migracao.redenoticia.com.br\/noticia\/wp-json\/wp\/v2\/posts"}],"about":[{"href":"https:\/\/migracao.redenoticia.com.br\/noticia\/wp-json\/wp\/v2\/types\/post"}],"author":[{"embeddable":true,"href":"https:\/\/migracao.redenoticia.com.br\/noticia\/wp-json\/wp\/v2\/users\/2"}],"replies":[{"embeddable":true,"href":"https:\/\/migracao.redenoticia.com.br\/noticia\/wp-json\/wp\/v2\/comments?post=93623"}],"version-history":[{"count":0,"href":"https:\/\/migracao.redenoticia.com.br\/noticia\/wp-json\/wp\/v2\/posts\/93623\/revisions"}],"wp:featuredmedia":[{"embeddable":true,"href":"https:\/\/migracao.redenoticia.com.br\/noticia\/wp-json\/wp\/v2\/media\/82020"}],"wp:attachment":[{"href":"https:\/\/migracao.redenoticia.com.br\/noticia\/wp-json\/wp\/v2\/media?parent=93623"}],"wp:term":[{"taxonomy":"category","embeddable":true,"href":"https:\/\/migracao.redenoticia.com.br\/noticia\/wp-json\/wp\/v2\/categories?post=93623"},{"taxonomy":"post_tag","embeddable":true,"href":"https:\/\/migracao.redenoticia.com.br\/noticia\/wp-json\/wp\/v2\/tags?post=93623"}],"curies":[{"name":"wp","href":"https:\/\/api.w.org\/{rel}","templated":true}]}}