{"id":93626,"date":"2016-08-24T19:30:32","date_gmt":"2016-08-24T22:30:32","guid":{"rendered":"http:\/\/www.redenoticia.com.br\/noticia\/?p=93626"},"modified":"2016-08-24T16:38:04","modified_gmt":"2016-08-24T19:38:04","slug":"novela-sila-resumo-2508-zeinep-acolhe-protegida-de-boran-em-sua-casa","status":"publish","type":"post","link":"https:\/\/migracao.redenoticia.com.br\/noticia\/2016\/novela-sila-resumo-2508-zeinep-acolhe-protegida-de-boran-em-sua-casa\/93626","title":{"rendered":"Novela \u201cSila\u201d resumo 25\/08: Zeinep acolhe protegida de Boran em sua casa"},"content":{"rendered":"<p><img loading=\"lazy\" decoding=\"async\" class=\"alignleft size-thumbnail wp-image-83098\" src=\"https:\/\/migracao.redenoticia.com.br\/noticia\/imagens\/sila_band_novela_resumo_capitulo-150x112.jpg\" alt=\"sila_band_novela_resumo_capitulo\" width=\"150\" height=\"112\" srcset=\"https:\/\/migracao.redenoticia.com.br\/noticia\/imagens\/sila_band_novela_resumo_capitulo-150x112.jpg 150w, https:\/\/migracao.redenoticia.com.br\/noticia\/imagens\/sila_band_novela_resumo_capitulo-265x198.jpg 265w\" sizes=\"auto, (max-width: 150px) 100vw, 150px\" \/><strong><em> Novela \u201cSila\u201d resumo 25\/08<\/em><\/strong>: Boran tem um pesadelo, liga para Zeinep e Sila escuta. Ela desconfia que o marido esconde alguma coisa. Logo depois, Boran decide proteger uma mulher da tradi\u00e7\u00e3o de outra tribo e Zeinep se oferece para acolher a fugitiva em sua casa. Sila decide ir at\u00e9 a casa de Zeinep, mas os homens de Boran a impedem. Sila discute com Boran e destr\u00f3i o quarto.<\/p>\n<p>No capitulo 125 (*), novela \u201cSila\u201d, quinta-feira, 25 de agosto &#8211; Boran tem um pesadelo e liga para Zeinep no meio da noite. Sila escuta a liga\u00e7\u00e3o e fica desconfiada, pois tem certeza de que o marido est\u00e1 escondendo alguma coisa. Boran decide proteger uma mulher amea\u00e7ada por outra tribo. Zeinep se oferece para acolher a mulher em casa. Os homens de Boran seguem o carro de Sila e impedem que ela v\u00e1 at\u00e9 a casa da doutora Zeinep.<\/p>\n<p> Sila discute com Boran e destr\u00f3i o quarto. Zeinep tenta acalmar a mulher que ela est\u00e1 escondendo em casa. Zeinep vai ao escrit\u00f3rio de Sila e sai desconcertada ap\u00f3s uma conversa com ela. O l\u00edder de outra tribo planeja raptar a mulher protegida por Boran. Dilan descobre que Bedar est\u00e1 doente. Umu encontra Esma na empresa de Sila.<\/p>\n<p> Abay aconselha Boran a conversar com Sila, mas ela recusa qualquer aproxima\u00e7\u00e3o e vai dormir em outro quarto. Zeinep finalmente conhece a hist\u00f3ria de Celina, a mulher que est\u00e1 acolhendo. Dilaver convida a advogada da empresa para sair. Berzan, l\u00edder do cl\u00e3 vizinho, vigia os passos de Boran e de toda a fam\u00edlia. Omer vai \u00e0 casa de Zeinep e d\u00e1 de cara com Boran.<\/p>\n<p>(*) edi\u00e7\u00e3o da Band, Novela \u201cSila\u201d, sujeito a altera\u00e7\u00e3o de data e conte\u00fado.<\/p>\n","protected":false},"excerpt":{"rendered":"<p>Novela \u201cSila\u201d resumo 25\/08: Boran tem um pesadelo, liga para Zeinep e Sila escuta. Ela desconfia que o marido esconde alguma coisa. Logo depois, Boran decide proteger uma mulher da tradi\u00e7\u00e3o de outra tribo e Zeinep se oferece para acolher a fugitiva em sua casa. Sila decide ir at\u00e9 a casa de Zeinep, mas os [&hellip;]<\/p>\n","protected":false},"author":2,"featured_media":83098,"comment_status":"open","ping_status":"closed","sticky":false,"template":"","format":"standard","meta":{"tdm_status":"","tdm_grid_status":"","footnotes":""},"categories":[390,379,343],"tags":[441],"class_list":{"0":"post-93626","1":"post","2":"type-post","3":"status-publish","4":"format-standard","5":"has-post-thumbnail","7":"category-band","8":"category-novelas","9":"category-televisao","10":"tag-resumo-do-dia"},"_links":{"self":[{"href":"https:\/\/migracao.redenoticia.com.br\/noticia\/wp-json\/wp\/v2\/posts\/93626","targetHints":{"allow":["GET"]}}],"collection":[{"href":"https:\/\/migracao.redenoticia.com.br\/noticia\/wp-json\/wp\/v2\/posts"}],"about":[{"href":"https:\/\/migracao.redenoticia.com.br\/noticia\/wp-json\/wp\/v2\/types\/post"}],"author":[{"embeddable":true,"href":"https:\/\/migracao.redenoticia.com.br\/noticia\/wp-json\/wp\/v2\/users\/2"}],"replies":[{"embeddable":true,"href":"https:\/\/migracao.redenoticia.com.br\/noticia\/wp-json\/wp\/v2\/comments?post=93626"}],"version-history":[{"count":0,"href":"https:\/\/migracao.redenoticia.com.br\/noticia\/wp-json\/wp\/v2\/posts\/93626\/revisions"}],"wp:featuredmedia":[{"embeddable":true,"href":"https:\/\/migracao.redenoticia.com.br\/noticia\/wp-json\/wp\/v2\/media\/83098"}],"wp:attachment":[{"href":"https:\/\/migracao.redenoticia.com.br\/noticia\/wp-json\/wp\/v2\/media?parent=93626"}],"wp:term":[{"taxonomy":"category","embeddable":true,"href":"https:\/\/migracao.redenoticia.com.br\/noticia\/wp-json\/wp\/v2\/categories?post=93626"},{"taxonomy":"post_tag","embeddable":true,"href":"https:\/\/migracao.redenoticia.com.br\/noticia\/wp-json\/wp\/v2\/tags?post=93626"}],"curies":[{"name":"wp","href":"https:\/\/api.w.org\/{rel}","templated":true}]}}