{"id":937,"date":"2009-04-27T23:17:04","date_gmt":"2009-04-28T03:17:04","guid":{"rendered":"http:\/\/www.redenoticia.com.br\/noticia\/?p=937"},"modified":"2009-04-27T23:17:04","modified_gmt":"2009-04-28T03:17:04","slug":"aberta-as-inscricoes-para-o-premio-jabuti","status":"publish","type":"post","link":"https:\/\/migracao.redenoticia.com.br\/noticia\/2009\/aberta-as-inscricoes-para-o-premio-jabuti\/937","title":{"rendered":"Aberta as inscri\u00e7\u00f5es para o pr\u00eamio Jabuti"},"content":{"rendered":"<p><span style=\"font-family: Arial; font-size: small;\"><span>A\u00a0<strong><span>C\u00e2mara Brasileira do Livro<\/span><\/strong>\u00a0est\u00e1 com as inscri\u00e7\u00f5es abertas para a 51\u00aa edi\u00e7\u00e3o do\u00a0<strong><span>Pr\u00eamio\u00a0<span>Jabuti<span>, o mais antigo<\/span><\/span><\/span><\/strong>\u00a0e tradicional pr\u00eamio do setor livreiro do Pa\u00eds. A participa\u00e7\u00e3o \u00e9 aberta a editores, escritores, autores independentes, tradutores, ilustradores, produtores gr\u00e1ficos e designers.<\/span><\/span><\/p>\n<p><span style=\"font-family: Arial; font-size: small;\"><span>Podem concorrer ao\u00a0<strong><span>Pr\u00eamio Jabuti 2009<\/span><\/strong>\u00a0apenas obras in\u00e9ditas, editadas no Brasil, entre 1\u00ba de janeiro e 31 de dezembro de 2008.<\/span><\/span><\/p>\n<p><strong><span style=\"font-family: Arial; font-size: small;\"><span>Importante:<\/span><\/span><\/strong><span style=\"font-family: Arial; font-size: small;\"><span>\u00a0As inscri\u00e7\u00f5es podem ser feitas pelo autor, ilustrador, tradutor, produtor gr\u00e1fico ou editor, at\u00e9 as 18 horas do dia 29 de maio de 2009.<\/span><\/span><\/p>\n<p><span style=\"font-family: Arial; font-size: small;\"><span>A comprova\u00e7\u00e3o da data da publica\u00e7\u00e3o dever\u00e1 constar do\u00a0<span>colof\u00e3o<\/span>\u00a0(inscri\u00e7\u00e3o final onde o tip\u00f3grafo indica a data e o lugar da feitura da obra) do livro. Se o\u00a0<span>colof\u00e3o<\/span>n\u00e3o especificar a data, a editora dever\u00e1 apresentar, juntamente com o livro, uma c\u00f3pia da nota fiscal da gr\u00e1fica como comprovante.<\/span><\/span><\/p>\n<p><strong><span style=\"font-family: Arial; font-size: small;\"><span>Categorias:<\/span><\/span><\/strong><\/p>\n<p><span><span style=\"font-family: Arial; font-size: small;\"><span>01.\u00a0<\/span><\/span><\/span><span><strong><span style=\"font-family: Arial;\"><span>Tradu\u00e7\u00e3o:<\/span><\/span><\/strong><\/span><span style=\"font-family: Arial;\"><span>\u00a0<span><span>Textos exclusivamente liter\u00e1rios (contos, cr\u00f4nicas, romance, poesia), traduzidos para a l\u00edngua portuguesa falada e escrita no Brasil<\/span><\/span>.<\/span><\/span><\/p>\n<p><span><span style=\"font-family: Arial; font-size: small;\"><span>02.\u00a0<\/span><\/span><\/span><span><strong><span style=\"font-family: Arial;\"><span>Arquitetura e Urbanismo, Fotografia, Comunica\u00e7\u00e3o e Artes:<\/span><\/span><\/strong><\/span><span style=\"font-family: Arial;\"><span>\u00a0<span><span>Pesquisas, ensaios ou tratados sobre temas em Arquitetura e Urbanismo, Fotografia, Comunica\u00e7\u00e3o, Cinema, Teatro, Artes Visuais, Artes C\u00eanicas e Artes Pl\u00e1sticas<\/span><\/span>.<\/span><\/span><\/p>\n<p><span><span style=\"font-family: Arial; font-size: small;\"><span>03.\u00a0<\/span><\/span><\/span><span><span><strong><span style=\"font-family: Arial;\"><span>Teoria\/Cr\u00edtica<\/span><\/span><\/strong><\/span><\/span><span><strong><span style=\"font-family: Arial;\"><span>\u00a0Liter\u00e1ria:<\/span><\/span><\/strong><\/span><span style=\"font-family: Arial;\"><span>\u00a0<span><span>Obras de cunho conceitual que contenham substrato te\u00f3rico fundamentado a respeito de l\u00edngua e literatura. Incluem-se nessa categoria dicion\u00e1rios e gram\u00e1ticas.<\/span><\/span><\/span><\/span><\/p>\n<p><span><span style=\"font-family: Arial; font-size: small;\"><span>04.\u00a0<\/span><\/span><\/span><span><strong><span style=\"font-family: Arial;\"><span>Projeto Gr\u00e1fico:<\/span><\/span><\/strong><\/span><span style=\"font-family: Arial;\"><span>\u00a0<span><span>Concep\u00e7\u00f5es de projetos gr\u00e1ficos de livros avulsos ou pertencentes a cole\u00e7\u00f5es, produzidos originalmente no Brasil e que ressaltem o conceito gr\u00e1fico da obra por interm\u00e9dio do design e pela adequa\u00e7\u00e3o dos materiais utilizados.<\/span><\/span><\/span><\/span><\/p>\n<p><span><span style=\"font-family: Arial; font-size: small;\"><span>05.\u00a0<\/span><\/span><\/span><span><strong><span style=\"font-family: Arial;\"><span>Ilustra\u00e7\u00e3o de Livro Infantil ou Juvenil:<\/span><\/span><\/strong><\/span><span style=\"font-family: Arial;\"><span>\u00a0<span><span>Ilustra\u00e7\u00f5es de obras destinadas a crian\u00e7as, pr\u00e9-adolescentes ou adolescentes.<\/span><\/span><\/span><\/span><\/p>\n<p><span><span style=\"font-family: Arial; font-size: small;\"><span>06.\u00a0<\/span><\/span><\/span><span><strong><span style=\"font-family: Arial;\"><span>Ci\u00eancias Exatas, Tecnologia e Inform\u00e1tica:<\/span><\/span><\/strong><\/span><span style=\"font-family: Arial;\"><span>\u00a0<span><span>Ensaios, tratados e textos acad\u00eamicos que fundamentam ou descrevem conceitos a respeito dos temas em quest\u00e3o. Incluem-se nesta categoria obras de divulga\u00e7\u00e3o.<\/span><\/span><\/span><\/span><\/p>\n<p><span><span style=\"font-family: Arial; font-size: small;\"><span>07.\u00a0<\/span><\/span><\/span><span><strong><span style=\"font-family: Arial;\"><span>Educa\u00e7\u00e3o, Psicologia e Psican\u00e1lise:<\/span><\/span><\/strong><\/span><span style=\"font-family: Arial;\"><span>\u00a0<span><span>Pesquisas, ensaios ou tratados sobre os temas em quest\u00e3o.<\/span><\/span><\/span><\/span><\/p>\n<p><span><span style=\"font-family: Arial; font-size: small;\"><span>08.\u00a0<\/span><\/span><\/span><span><strong><span style=\"font-family: Arial;\"><span>Reportagem:<\/span><\/span><\/strong><\/span><span style=\"font-family: Arial;\"><span>\u00a0<span><span>Textos, document\u00e1rios ou anal\u00edticos, vistos sob a perspectiva jornal\u00edstica.<\/span><\/span><\/span><\/span><\/p>\n<p><span><span style=\"font-family: Arial; font-size: small;\"><span>09.\u00a0<\/span><\/span><\/span><span><strong><span style=\"font-family: Arial;\"><span>Did\u00e1tico e\u00a0<span>Paradid\u00e1tico<\/span>:<\/span><\/span><\/strong><\/span><span style=\"font-family: Arial;\"><span>\u00a0<span><span>Obras destinadas ao ensino de qualquer componente curricular<span>e\/ou<\/span>\u00a0\u00e1rea do conhecimento, publicadas em primeira edi\u00e7\u00e3o, n\u00e3o sendo aceitas edi\u00e7\u00f5es revistas ou atualizadas. S\u00e3o consideradas\u00a0<span>como:<\/span><\/span><\/span><br \/>\n<span><span>a) did\u00e1ticas: obras essencialmente pedag\u00f3gicas;<\/span><\/span><br \/>\n<span><span>b)\u00a0<span>paradid\u00e1ticas<\/span>: obras n\u00e3o-pedag\u00f3gicas utilizada para esse fim.<\/span><\/span><\/span><\/span><\/p>\n<p><span><span style=\"font-family: Arial; font-size: small;\"><span>10.\u00a0<\/span><\/span><\/span><span><strong><span style=\"font-family: Arial;\"><span>Economia, Administra\u00e7\u00e3o e Neg\u00f3cios:<\/span><\/span><\/strong><\/span><span style=\"font-family: Arial;\"><span>\u00a0<span><span>Tratados e textos acad\u00eamicos que fundamentem ou descrevam conceitos a respeito dos temas em quest\u00e3o.<\/span><\/span><\/span><\/span><\/p>\n<p><span><span style=\"font-family: Arial; font-size: small;\"><span>11.\u00a0<\/span><\/span><\/span><span><strong><span style=\"font-family: Arial;\"><span>Direito:<\/span><\/span><\/strong><\/span><span style=\"font-family: Arial;\"><span>\u00a0<span><span>Tratados e textos acad\u00eamicos que fundamentem ou descrevam conceitos a respeito do tema em quest\u00e3o.<\/span><\/span><\/span><\/span><\/p>\n<p><span><span style=\"font-family: Arial; font-size: small;\"><span>12.\u00a0<\/span><\/span><\/span><span><strong><span style=\"font-family: Arial;\"><span>Biografia:<\/span><\/span><\/strong><\/span><span style=\"font-family: Arial;\"><span>\u00a0<span><span>Textos, document\u00e1rios ou anal\u00edticos, vistos sob a perspectiva biogr\u00e1fica.<\/span><\/span><\/span><\/span><\/p>\n<p><span><span style=\"font-family: Arial; font-size: small;\"><span>13.\u00a0<\/span><\/span><\/span><span><strong><span style=\"font-family: Arial;\"><span>Capa:<\/span><\/span><\/strong><\/span><span style=\"font-family: Arial;\"><span>\u00a0<span><span>Concep\u00e7\u00f5es e desenvolvimentos gr\u00e1ficos de capas ou sobrecapas de livros como elementos aut\u00f4nomos.<\/span><\/span><\/span><\/span><\/p>\n<p><span><span style=\"font-family: Arial; font-size: small;\"><span>14.\u00a0<\/span><\/span><\/span><span><strong><span style=\"font-family: Arial;\"><span>Poesia:<\/span><\/span><\/strong><\/span><span style=\"font-family: Arial;\"><span>\u00a0<span><span>Textos sint\u00e9ticos com alto grau de poeticidade, caracterizando-se, fundamentalmente, por ritmo, sonoridade e outros recursos intr\u00ednsecos \u00e0 cria\u00e7\u00e3o liter\u00e1ria que os diferenciem de textos em prosa.<\/span><\/span><\/span><\/span><\/p>\n<p><span><span style=\"font-family: Arial; font-size: small;\"><span>15.\u00a0<\/span><\/span><\/span><span><strong><span style=\"font-family: Arial;\"><span>Ci\u00eancias Humanas:<\/span><\/span><\/strong><\/span><span style=\"font-family: Arial;\"><span>\u00a0<span><span>Pesquisas, ensaios ou tratados sobre a \u00e1rea em quest\u00e3o. Incluem-se nessa categoria temas relacionados\u00a0<span>a<\/span>\u00a0Sociologia, Antropologia, Hist\u00f3ria, Filosofia, Pol\u00edtica e Religi\u00e3o ou assuntos correlatos vistos sob a perspectiva das ci\u00eancias humanas.<\/span><\/span><\/span><\/span><\/p>\n<p><span><span style=\"font-family: Arial; font-size: small;\"><span>16.\u00a0<\/span><\/span><\/span><span><strong><span style=\"font-family: Arial;\"><span>Ci\u00eancias Naturais e Ci\u00eancias da Sa\u00fade:<\/span><\/span><\/strong><\/span><span style=\"font-family: Arial;\"><span>\u00a0<span><span>Pesquisas, ensaios, tratados ou textos de divulga\u00e7\u00e3o cient\u00edfica sobre as \u00e1reas em quest\u00e3o. Incluem-se, nessa categoria, temas relacionados\u00a0<span>a<\/span>\u00a0Medicina, Enfermagem, Saneamento, Sa\u00fade P\u00fablica, terapias diversas e similares.<\/span><\/span><\/span><\/span><\/p>\n<p><span><span style=\"font-family: Arial; font-size: small;\"><span>17.\u00a0<\/span><\/span><\/span><span><strong><span style=\"font-family: Arial;\"><span>Contos e Cr\u00f4nicas:<\/span><\/span><\/strong><\/span><span style=\"font-family: Arial;\"><span>\u00a0<span><span>a) conto: narrativa curta, geralmente\u00a0<span>ficcional;<\/span><\/span><\/span><br \/>\n<span><span>b) cr\u00f4nica: narrativa curta, baseada geralmente em assuntos do cotidiano ou de interesse geral, caracterizando-se pela transitoriedade dos temas abordados.<\/span><\/span><\/span><\/span><\/p>\n<p><span><span style=\"font-family: Arial; font-size: small;\"><span>18.\u00a0<\/span><\/span><\/span><span><strong><span style=\"font-family: Arial;\"><span>Infantil:<\/span><\/span><\/strong><\/span><span style=\"font-family: Arial;\"><span>\u00a0<span><span>Textos ficcionais ilustrados, que podem ou n\u00e3o mesclar elementos do \u201creal\u201d, destinados ao p\u00fablico infantil.<\/span><\/span><\/span><\/span><\/p>\n<p><span><span style=\"font-family: Arial; font-size: small;\"><span>19.\u00a0<\/span><\/span><\/span><span><strong><span style=\"font-family: Arial;\"><span>Juvenil:<\/span><\/span><\/strong><\/span><span style=\"font-family: Arial;\"><span>\u00a0<span><span>Textos ficcionais, que podem ou n\u00e3o mesclar elementos do \u201creal\u201d, destinados ao p\u00fablico adolescente.<\/span><\/span><\/span><\/span><\/p>\n<p><span><span style=\"font-family: Arial; font-size: small;\"><span>20.\u00a0<\/span><\/span><\/span><span><strong><span style=\"font-family: Arial;\"><span>Romance:<\/span><\/span><\/strong><\/span><span style=\"font-family: Arial;\"><span>\u00a0<span><span>Narrativas ficcionais, geralmente longas, que podem ou n\u00e3o mesclar elementos do \u201creal\u201d.<\/span><\/span><\/span><\/span><\/p>\n<p><span><span style=\"font-family: Arial; font-size: small;\"><span>21.\u00a0<\/span><\/span><\/span><span><strong><span style=\"font-family: Arial;\"><span>Tradu\u00e7\u00e3o de obra liter\u00e1ria Franc\u00eas-Portugu\u00eas:<\/span><\/span><\/strong><\/span><span style=\"font-family: Arial;\"><span>\u00a0<span><span>Textos exclusivamente liter\u00e1rios (contos, cr\u00f4nicas, romances, poesias), traduzidos diretamente da l\u00edngua francesa falada e escrita, na Fran\u00e7a, para a l\u00edngua portuguesa falada e escrita no Brasil.<\/span><\/span><\/span><\/span><\/p>\n","protected":false},"excerpt":{"rendered":"<p>A\u00a0C\u00e2mara Brasileira do Livro\u00a0est\u00e1 com as inscri\u00e7\u00f5es abertas para a 51\u00aa edi\u00e7\u00e3o do\u00a0Pr\u00eamio\u00a0Jabuti, o mais antigo\u00a0e tradicional pr\u00eamio do setor livreiro do Pa\u00eds. A participa\u00e7\u00e3o \u00e9 aberta a editores, escritores, autores independentes, tradutores, ilustradores, produtores gr\u00e1ficos e designers. Podem concorrer ao\u00a0Pr\u00eamio Jabuti 2009\u00a0apenas obras in\u00e9ditas, editadas no Brasil, entre 1\u00ba de janeiro e 31 de [&hellip;]<\/p>\n","protected":false},"author":2,"featured_media":0,"comment_status":"open","ping_status":"open","sticky":false,"template":"","format":"standard","meta":{"tdm_status":"","tdm_grid_status":"","footnotes":""},"categories":[22],"tags":[],"class_list":{"0":"post-937","1":"post","2":"type-post","3":"status-publish","4":"format-standard","6":"category-brasil"},"_links":{"self":[{"href":"https:\/\/migracao.redenoticia.com.br\/noticia\/wp-json\/wp\/v2\/posts\/937","targetHints":{"allow":["GET"]}}],"collection":[{"href":"https:\/\/migracao.redenoticia.com.br\/noticia\/wp-json\/wp\/v2\/posts"}],"about":[{"href":"https:\/\/migracao.redenoticia.com.br\/noticia\/wp-json\/wp\/v2\/types\/post"}],"author":[{"embeddable":true,"href":"https:\/\/migracao.redenoticia.com.br\/noticia\/wp-json\/wp\/v2\/users\/2"}],"replies":[{"embeddable":true,"href":"https:\/\/migracao.redenoticia.com.br\/noticia\/wp-json\/wp\/v2\/comments?post=937"}],"version-history":[{"count":0,"href":"https:\/\/migracao.redenoticia.com.br\/noticia\/wp-json\/wp\/v2\/posts\/937\/revisions"}],"wp:attachment":[{"href":"https:\/\/migracao.redenoticia.com.br\/noticia\/wp-json\/wp\/v2\/media?parent=937"}],"wp:term":[{"taxonomy":"category","embeddable":true,"href":"https:\/\/migracao.redenoticia.com.br\/noticia\/wp-json\/wp\/v2\/categories?post=937"},{"taxonomy":"post_tag","embeddable":true,"href":"https:\/\/migracao.redenoticia.com.br\/noticia\/wp-json\/wp\/v2\/tags?post=937"}],"curies":[{"name":"wp","href":"https:\/\/api.w.org\/{rel}","templated":true}]}}