{"id":93786,"date":"2016-08-27T19:41:57","date_gmt":"2016-08-27T22:41:57","guid":{"rendered":"http:\/\/www.redenoticia.com.br\/noticia\/?p=93786"},"modified":"2016-08-26T22:00:08","modified_gmt":"2016-08-27T01:00:08","slug":"novela-sila-resumo-2908-berzan-se-encontra-com-dilaver","status":"publish","type":"post","link":"https:\/\/migracao.redenoticia.com.br\/noticia\/2016\/novela-sila-resumo-2908-berzan-se-encontra-com-dilaver\/93786","title":{"rendered":"Novela \u201cSila\u201d resumo 29\/08: Berzan se encontra com Dilaver"},"content":{"rendered":"<p><img loading=\"lazy\" decoding=\"async\" class=\"alignleft size-thumbnail wp-image-83098\" src=\"https:\/\/migracao.redenoticia.com.br\/noticia\/imagens\/sila_band_novela_resumo_capitulo-150x112.jpg\" alt=\"sila_band_novela_resumo_capitulo\" width=\"150\" height=\"112\" srcset=\"https:\/\/migracao.redenoticia.com.br\/noticia\/imagens\/sila_band_novela_resumo_capitulo-150x112.jpg 150w, https:\/\/migracao.redenoticia.com.br\/noticia\/imagens\/sila_band_novela_resumo_capitulo-265x198.jpg 265w\" sizes=\"auto, (max-width: 150px) 100vw, 150px\" \/><strong><em> Novela \u201cSila\u201d resumo 29\/08<\/em><\/strong>: Boran decide proteger uma mulher amea\u00e7ada e Zeinep se oferece para a acolher em sua casa. Berzan, l\u00edder de um cl\u00e3, planeja raptar a mulher protegida por Boran. Ele vigia os passos de Boran e de toda a fam\u00edlia. Berzan se encontra com Dilaver e pede ajuda para achar Celina, a mulher que Boran protege.<\/p>\n<p>No capitulo 128 (*), novela \u201cSila\u201d, segunda-feira, 29 de agosto &#8211; Berzan, l\u00edder do cl\u00e3 vizinho, vigia os passos de Boran e toda a fam\u00edlia. Omer vai \u00e0 casa de Zeinep e d\u00e1 de cara com Boran. Omer vai ao escrit\u00f3rio de Sila e diz que ela est\u00e1 sendo enganada por Boran. Berzan se encontra com Dilaver e pede ajuda para achar Zeliha, a mulher que Boran est\u00e1 protegendo. Sila pega um t\u00e1xi e segue Boran at\u00e9 a casa de Zeinep. Ela v\u00ea os dois conversando. Sem querer, Dilan conta a Narin sobre o c\u00e2ncer de Bedar. Civan \u00e9 baleado por um dos homens de Berzan. Sila arruma as malas e sai de casa.<\/p>\n<p> Ayse e Narin se desesperam ao saber do estado de sa\u00fade de Civan. Esma oferece ajuda a Berzan para encontrar Sila. Emir \u00e9 seguido por um homem a caminho da escola. Boran finalmente consegue falar com Sila, mas os dois n\u00e3o se entendem. Esma se irrita com Ceren, a advogada da empresa.<\/p>\n<p> Oguz pede para Emir entregar uma carta para Dilan. Dilaver descobre onde Sila est\u00e1 e avisa Berzan. Boran consegue saber para onde Sila fugiu e vai atr\u00e1s dela. Umu diz a Zinar que quer voltar para Mardin. Boran chega ao hotel de Sila, mas ela n\u00e3o est\u00e1. Berzan encontra Sila e liga para Boran para amea\u00e7\u00e1-lo. Boran esclarece toda a situa\u00e7\u00e3o e acalma Sila.<\/p>\n<p>(*) edi\u00e7\u00e3o da Band, Novela \u201cSila\u201d, sujeito a altera\u00e7\u00e3o de data e conte\u00fado.<\/p>\n","protected":false},"excerpt":{"rendered":"<p>Novela \u201cSila\u201d resumo 29\/08: Boran decide proteger uma mulher amea\u00e7ada e Zeinep se oferece para a acolher em sua casa. Berzan, l\u00edder de um cl\u00e3, planeja raptar a mulher protegida por Boran. Ele vigia os passos de Boran e de toda a fam\u00edlia. Berzan se encontra com Dilaver e pede ajuda para achar Celina, a [&hellip;]<\/p>\n","protected":false},"author":2,"featured_media":83098,"comment_status":"open","ping_status":"closed","sticky":false,"template":"","format":"standard","meta":{"tdm_status":"","tdm_grid_status":"","footnotes":""},"categories":[390,379,343],"tags":[441],"class_list":{"0":"post-93786","1":"post","2":"type-post","3":"status-publish","4":"format-standard","5":"has-post-thumbnail","7":"category-band","8":"category-novelas","9":"category-televisao","10":"tag-resumo-do-dia"},"_links":{"self":[{"href":"https:\/\/migracao.redenoticia.com.br\/noticia\/wp-json\/wp\/v2\/posts\/93786","targetHints":{"allow":["GET"]}}],"collection":[{"href":"https:\/\/migracao.redenoticia.com.br\/noticia\/wp-json\/wp\/v2\/posts"}],"about":[{"href":"https:\/\/migracao.redenoticia.com.br\/noticia\/wp-json\/wp\/v2\/types\/post"}],"author":[{"embeddable":true,"href":"https:\/\/migracao.redenoticia.com.br\/noticia\/wp-json\/wp\/v2\/users\/2"}],"replies":[{"embeddable":true,"href":"https:\/\/migracao.redenoticia.com.br\/noticia\/wp-json\/wp\/v2\/comments?post=93786"}],"version-history":[{"count":0,"href":"https:\/\/migracao.redenoticia.com.br\/noticia\/wp-json\/wp\/v2\/posts\/93786\/revisions"}],"wp:featuredmedia":[{"embeddable":true,"href":"https:\/\/migracao.redenoticia.com.br\/noticia\/wp-json\/wp\/v2\/media\/83098"}],"wp:attachment":[{"href":"https:\/\/migracao.redenoticia.com.br\/noticia\/wp-json\/wp\/v2\/media?parent=93786"}],"wp:term":[{"taxonomy":"category","embeddable":true,"href":"https:\/\/migracao.redenoticia.com.br\/noticia\/wp-json\/wp\/v2\/categories?post=93786"},{"taxonomy":"post_tag","embeddable":true,"href":"https:\/\/migracao.redenoticia.com.br\/noticia\/wp-json\/wp\/v2\/tags?post=93786"}],"curies":[{"name":"wp","href":"https:\/\/api.w.org\/{rel}","templated":true}]}}