{"id":93825,"date":"2016-08-27T21:00:51","date_gmt":"2016-08-28T00:00:51","guid":{"rendered":"http:\/\/www.redenoticia.com.br\/noticia\/?p=93825"},"modified":"2016-08-26T19:07:59","modified_gmt":"2016-08-26T22:07:59","slug":"novela-velho-chico-resumo-2908-olivia-e-apresentada-a-encarnacao","status":"publish","type":"post","link":"https:\/\/migracao.redenoticia.com.br\/noticia\/2016\/novela-velho-chico-resumo-2908-olivia-e-apresentada-a-encarnacao\/93825","title":{"rendered":"Novela \u201cVelho Chico\u201d resumo 29\/08: Ol\u00edvia \u00e9 apresentada a Encarna\u00e7\u00e3o"},"content":{"rendered":"<p><img loading=\"lazy\" decoding=\"async\" class=\"alignleft size-thumbnail wp-image-82169\" src=\"https:\/\/migracao.redenoticia.com.br\/noticia\/imagens\/velho_chico_novela_resumo_globo-150x112.jpg\" alt=\"velho_chico_novela_resumo_globo\" width=\"150\" height=\"112\" srcset=\"https:\/\/migracao.redenoticia.com.br\/noticia\/imagens\/velho_chico_novela_resumo_globo-150x112.jpg 150w, https:\/\/migracao.redenoticia.com.br\/noticia\/imagens\/velho_chico_novela_resumo_globo-265x198.jpg 265w\" sizes=\"auto, (max-width: 150px) 100vw, 150px\" \/><strong><em>Novela \u201cVelho Chico\u201d resumo 29\/08<\/em><\/strong>:\u00a0Bento confronta Afr\u00e2nio na frente de todo o povo de Grotas. O vereador desmoraliza o coronel ao cobrar todas as promessas feitas por ele e seus aliados antes da elei\u00e7\u00e3o para prefeito. Envergonhado, Afr\u00e2nio tenta deixar o coreto da pra\u00e7a sem conseguir se justificar diante dos moradores de Grotas. Ele sente uma falta de ar e desmaia na frente de todos. O coronel \u00e9 socorrido por Iolanda e Tereza. Ele fica abalado quando recobra a consci\u00eancia. Mais tarde, Iolanda convida Miguel para uma jantar na fazenda de Afr\u00e2nio. Ela faz um jantar para selar a paz entre o coronel, Tereza e o neto. Com a anu\u00eancia de Santo, Ol\u00edvia participa desse jantar e \u00e9 apresentada a Encarna\u00e7\u00e3o.<\/p>\n<p>No cap\u00edtulo 144(*), novela \u201cVelho Chico\u201d, segunda-feira, 29 de agosto \u2013 Bento desafia Afr\u00e2nio na frente do povo. Santo aparece na cooperativa. Iolanda faz uma visita a Tereza.<\/p>\n<p>Miguel discute com os cooperados. Santo tenta acalmar Miguel. Bento coloca a emenda para aprova\u00e7\u00e3o. Iolanda convida Miguel para uma jantar na fazenda de Afr\u00e2nio.<\/p>\n<p>Iolanda avisa a Afr\u00e2nio da presen\u00e7a de Tereza e do filho para o jantar. Miguel apresenta Ol\u00edvia para Encarna\u00e7\u00e3o. Carlos chega para o jantar na fazenda.<\/p>\n<p>(*) edi\u00e7\u00e3o da Rede Globo, Novela \u201cVelho Chico\u201d, sujeito a altera\u00e7\u00e3o de data e conte\u00fado.<\/p>\n","protected":false},"excerpt":{"rendered":"<p>Novela \u201cVelho Chico\u201d resumo 29\/08:\u00a0Bento confronta Afr\u00e2nio na frente de todo o povo de Grotas. O vereador desmoraliza o coronel ao cobrar todas as promessas feitas por ele e seus aliados antes da elei\u00e7\u00e3o para prefeito. Envergonhado, Afr\u00e2nio tenta deixar o coreto da pra\u00e7a sem conseguir se justificar diante dos moradores de Grotas. Ele sente [&hellip;]<\/p>\n","protected":false},"author":4,"featured_media":82169,"comment_status":"open","ping_status":"closed","sticky":false,"template":"","format":"standard","meta":{"tdm_status":"","tdm_grid_status":"","footnotes":""},"categories":[379,375,343],"tags":[441],"class_list":{"0":"post-93825","1":"post","2":"type-post","3":"status-publish","4":"format-standard","5":"has-post-thumbnail","7":"category-novelas","8":"category-rede-globo","9":"category-televisao","10":"tag-resumo-do-dia"},"_links":{"self":[{"href":"https:\/\/migracao.redenoticia.com.br\/noticia\/wp-json\/wp\/v2\/posts\/93825","targetHints":{"allow":["GET"]}}],"collection":[{"href":"https:\/\/migracao.redenoticia.com.br\/noticia\/wp-json\/wp\/v2\/posts"}],"about":[{"href":"https:\/\/migracao.redenoticia.com.br\/noticia\/wp-json\/wp\/v2\/types\/post"}],"author":[{"embeddable":true,"href":"https:\/\/migracao.redenoticia.com.br\/noticia\/wp-json\/wp\/v2\/users\/4"}],"replies":[{"embeddable":true,"href":"https:\/\/migracao.redenoticia.com.br\/noticia\/wp-json\/wp\/v2\/comments?post=93825"}],"version-history":[{"count":0,"href":"https:\/\/migracao.redenoticia.com.br\/noticia\/wp-json\/wp\/v2\/posts\/93825\/revisions"}],"wp:featuredmedia":[{"embeddable":true,"href":"https:\/\/migracao.redenoticia.com.br\/noticia\/wp-json\/wp\/v2\/media\/82169"}],"wp:attachment":[{"href":"https:\/\/migracao.redenoticia.com.br\/noticia\/wp-json\/wp\/v2\/media?parent=93825"}],"wp:term":[{"taxonomy":"category","embeddable":true,"href":"https:\/\/migracao.redenoticia.com.br\/noticia\/wp-json\/wp\/v2\/categories?post=93825"},{"taxonomy":"post_tag","embeddable":true,"href":"https:\/\/migracao.redenoticia.com.br\/noticia\/wp-json\/wp\/v2\/tags?post=93825"}],"curies":[{"name":"wp","href":"https:\/\/api.w.org\/{rel}","templated":true}]}}