{"id":94037,"date":"2016-08-30T21:00:18","date_gmt":"2016-08-31T00:00:18","guid":{"rendered":"http:\/\/www.redenoticia.com.br\/noticia\/?p=94037"},"modified":"2016-08-30T16:58:05","modified_gmt":"2016-08-30T19:58:05","slug":"novela-velho-chico-resumo-3108-carlos-se-surpreende-com-a-hostilidade-do-coronel","status":"publish","type":"post","link":"https:\/\/migracao.redenoticia.com.br\/noticia\/2016\/novela-velho-chico-resumo-3108-carlos-se-surpreende-com-a-hostilidade-do-coronel\/94037","title":{"rendered":"Novela \u201cVelho Chico\u201d resumo 31\/08: Carlos se surpreende com a hostilidade do coronel"},"content":{"rendered":"<p><img loading=\"lazy\" decoding=\"async\" class=\"alignleft size-thumbnail wp-image-82169\" src=\"https:\/\/migracao.redenoticia.com.br\/noticia\/imagens\/velho_chico_novela_resumo_globo-150x112.jpg\" alt=\"velho_chico_novela_resumo_globo\" width=\"150\" height=\"112\" srcset=\"https:\/\/migracao.redenoticia.com.br\/noticia\/imagens\/velho_chico_novela_resumo_globo-150x112.jpg 150w, https:\/\/migracao.redenoticia.com.br\/noticia\/imagens\/velho_chico_novela_resumo_globo-265x198.jpg 265w\" sizes=\"auto, (max-width: 150px) 100vw, 150px\" \/><strong><em>Novela \u201cVelho Chico\u201d resumo 31\/08<\/em><\/strong>:\u00a0de volta \u00e0 fazenda Nossa Senhora das Grotas para jantar com os de S\u00e1 Ribeiro,\u00a0Miguel apresenta\u00a0Ol\u00edvia a todos pela primeira vez como sua namorada. Ao botar os p\u00e9s na mans\u00e3o, a garota fica aflita por estar dentro da casa dos maiores rivais de sua fam\u00edlia, mas n\u00e3o \u00e9 s\u00f3 ela que estranha a situa\u00e7\u00e3o.\u00a0Encarna\u00e7\u00e3o analisa a jovem de cima a baixo, mas declara que \u00e9 bem-vinda em sua fam\u00edlia. Todos est\u00e3o sentados \u00e0 mesa, quando Carlos chega. Carlos se surpreende com a hostilidade do coronel. Mais tarde, Carlos enfrenta o sogro com valentia, mesmo com um rev\u00f3lver apontado para sua cara.<\/p>\n<p>No cap\u00edtulo 147(*), novela \u201cVelho Chico\u201d, quarta-feira, 31 de agosto \u2013 Carlos se surpreende com a hostilidade do coronel. Bento \u00e9 convidado para se candidatar \u00e0 prefeitura de Grotas.<\/p>\n<p>Bento critica Santo por deixar Ol\u00edvia jantar na fazenda de Afr\u00e2nio. Beatriz tenta animar Luzia. Iolanda discute com Carlos.<\/p>\n<p>Encarna\u00e7\u00e3o estranha a falta de atitude de Afr\u00e2nio. Tereza se preocupa com o comportamento de Carlos. Ol\u00edvia conforta Iolanda. Carlos enfrenta Afr\u00e2nio.<\/p>\n<p>(*) edi\u00e7\u00e3o da Rede Globo, Novela \u201cVelho Chico\u201d, sujeito a altera\u00e7\u00e3o de data e conte\u00fado.<\/p>\n","protected":false},"excerpt":{"rendered":"<p>Novela \u201cVelho Chico\u201d resumo 31\/08:\u00a0de volta \u00e0 fazenda Nossa Senhora das Grotas para jantar com os de S\u00e1 Ribeiro,\u00a0Miguel apresenta\u00a0Ol\u00edvia a todos pela primeira vez como sua namorada. Ao botar os p\u00e9s na mans\u00e3o, a garota fica aflita por estar dentro da casa dos maiores rivais de sua fam\u00edlia, mas n\u00e3o \u00e9 s\u00f3 ela que [&hellip;]<\/p>\n","protected":false},"author":4,"featured_media":82169,"comment_status":"open","ping_status":"closed","sticky":false,"template":"","format":"standard","meta":{"tdm_status":"","tdm_grid_status":"","footnotes":""},"categories":[379,375,343],"tags":[441],"class_list":{"0":"post-94037","1":"post","2":"type-post","3":"status-publish","4":"format-standard","5":"has-post-thumbnail","7":"category-novelas","8":"category-rede-globo","9":"category-televisao","10":"tag-resumo-do-dia"},"_links":{"self":[{"href":"https:\/\/migracao.redenoticia.com.br\/noticia\/wp-json\/wp\/v2\/posts\/94037","targetHints":{"allow":["GET"]}}],"collection":[{"href":"https:\/\/migracao.redenoticia.com.br\/noticia\/wp-json\/wp\/v2\/posts"}],"about":[{"href":"https:\/\/migracao.redenoticia.com.br\/noticia\/wp-json\/wp\/v2\/types\/post"}],"author":[{"embeddable":true,"href":"https:\/\/migracao.redenoticia.com.br\/noticia\/wp-json\/wp\/v2\/users\/4"}],"replies":[{"embeddable":true,"href":"https:\/\/migracao.redenoticia.com.br\/noticia\/wp-json\/wp\/v2\/comments?post=94037"}],"version-history":[{"count":0,"href":"https:\/\/migracao.redenoticia.com.br\/noticia\/wp-json\/wp\/v2\/posts\/94037\/revisions"}],"wp:featuredmedia":[{"embeddable":true,"href":"https:\/\/migracao.redenoticia.com.br\/noticia\/wp-json\/wp\/v2\/media\/82169"}],"wp:attachment":[{"href":"https:\/\/migracao.redenoticia.com.br\/noticia\/wp-json\/wp\/v2\/media?parent=94037"}],"wp:term":[{"taxonomy":"category","embeddable":true,"href":"https:\/\/migracao.redenoticia.com.br\/noticia\/wp-json\/wp\/v2\/categories?post=94037"},{"taxonomy":"post_tag","embeddable":true,"href":"https:\/\/migracao.redenoticia.com.br\/noticia\/wp-json\/wp\/v2\/tags?post=94037"}],"curies":[{"name":"wp","href":"https:\/\/api.w.org\/{rel}","templated":true}]}}