{"id":94041,"date":"2016-08-30T19:30:42","date_gmt":"2016-08-30T22:30:42","guid":{"rendered":"http:\/\/www.redenoticia.com.br\/noticia\/?p=94041"},"modified":"2016-08-30T17:02:50","modified_gmt":"2016-08-30T20:02:50","slug":"novela-sol-nascente-resumo-3008-cesar-se-encanta-por-alice","status":"publish","type":"post","link":"https:\/\/migracao.redenoticia.com.br\/noticia\/2016\/novela-sol-nascente-resumo-3008-cesar-se-encanta-por-alice\/94041","title":{"rendered":"Novela \u201cSol Nascente\u201d resumo 31\/08: Cesar se encanta por Alice"},"content":{"rendered":"<p><img loading=\"lazy\" decoding=\"async\" class=\"alignleft size-thumbnail wp-image-91714\" src=\"https:\/\/migracao.redenoticia.com.br\/noticia\/imagens\/sol_nascente_resumo_novela_globo-150x112.jpg\" alt=\"sol_nascente_resumo_novela_globo\" width=\"150\" height=\"112\" srcset=\"https:\/\/migracao.redenoticia.com.br\/noticia\/imagens\/sol_nascente_resumo_novela_globo-150x112.jpg 150w, https:\/\/migracao.redenoticia.com.br\/noticia\/imagens\/sol_nascente_resumo_novela_globo-265x198.jpg 265w\" sizes=\"auto, (max-width: 150px) 100vw, 150px\" \/><strong><em>Novela \u201cSol Nascente\u201d resumo 31\/08<\/em><\/strong>:\u00a0Alice repreende Mario por t\u00ea-la beijado. Depois, Mario ouve Alice comentar com Yumi que o beijo entre eles n\u00e3o deveria ter acontecido. Mais tarde, Mario se desculpa com Alice e esta lhe mostra fotos do lugar onde vai morar no Jap\u00e3o. Mario sofre e se entristece com a proximidade da viagem de Alice. Em T\u00f3quio, Cesar se encanta por Alice ao cruzar com ela na rua.<\/p>\n<p>No cap\u00edtulo 003(*), novela \u201cSol Nascente\u201d, quarta-feira, 31 de agosto \u2013 Alice repreende Mario por t\u00ea-la beijado. Lenita desiste de contar sobre Felipe para Ralf. Mario ouve Alice comentar com Yumi que o beijo entre eles n\u00e3o deveria ter acontecido.<\/p>\n<p>Tanaka leva Vittorio e Gaetano para verem a casa que vender\u00e1 para eles. Mario se desculpa com Alice. Alice mostra para Mario fotos do lugar onde ir\u00e1 morar no Jap\u00e3o. Alguns meses se passam e a obra no casar\u00e3o dos De Angeli \u00e9 conclu\u00edda.<\/p>\n<p>A padaria \u00e9 inaugurada em Arraial com um novo nome: Pasta Pane. C\u00e9sar \u00e9 rude com Sirlene. Mario se entristece com a proximidade da viagem de Alice. Cesar se encanta por Alice ao cruzar com ela na rua.<\/p>\n<p>(*) edi\u00e7\u00e3o da Rede Globo, Novela \u201cSol Nascente\u201d, sujeito a altera\u00e7\u00e3o de data e conte\u00fado.<\/p>\n","protected":false},"excerpt":{"rendered":"<p>Novela \u201cSol Nascente\u201d resumo 31\/08:\u00a0Alice repreende Mario por t\u00ea-la beijado. Depois, Mario ouve Alice comentar com Yumi que o beijo entre eles n\u00e3o deveria ter acontecido. Mais tarde, Mario se desculpa com Alice e esta lhe mostra fotos do lugar onde vai morar no Jap\u00e3o. Mario sofre e se entristece com a proximidade da viagem [&hellip;]<\/p>\n","protected":false},"author":4,"featured_media":91714,"comment_status":"open","ping_status":"closed","sticky":false,"template":"","format":"standard","meta":{"tdm_status":"","tdm_grid_status":"","footnotes":""},"categories":[379,375,343],"tags":[441],"class_list":{"0":"post-94041","1":"post","2":"type-post","3":"status-publish","4":"format-standard","5":"has-post-thumbnail","7":"category-novelas","8":"category-rede-globo","9":"category-televisao","10":"tag-resumo-do-dia"},"_links":{"self":[{"href":"https:\/\/migracao.redenoticia.com.br\/noticia\/wp-json\/wp\/v2\/posts\/94041","targetHints":{"allow":["GET"]}}],"collection":[{"href":"https:\/\/migracao.redenoticia.com.br\/noticia\/wp-json\/wp\/v2\/posts"}],"about":[{"href":"https:\/\/migracao.redenoticia.com.br\/noticia\/wp-json\/wp\/v2\/types\/post"}],"author":[{"embeddable":true,"href":"https:\/\/migracao.redenoticia.com.br\/noticia\/wp-json\/wp\/v2\/users\/4"}],"replies":[{"embeddable":true,"href":"https:\/\/migracao.redenoticia.com.br\/noticia\/wp-json\/wp\/v2\/comments?post=94041"}],"version-history":[{"count":0,"href":"https:\/\/migracao.redenoticia.com.br\/noticia\/wp-json\/wp\/v2\/posts\/94041\/revisions"}],"wp:featuredmedia":[{"embeddable":true,"href":"https:\/\/migracao.redenoticia.com.br\/noticia\/wp-json\/wp\/v2\/media\/91714"}],"wp:attachment":[{"href":"https:\/\/migracao.redenoticia.com.br\/noticia\/wp-json\/wp\/v2\/media?parent=94041"}],"wp:term":[{"taxonomy":"category","embeddable":true,"href":"https:\/\/migracao.redenoticia.com.br\/noticia\/wp-json\/wp\/v2\/categories?post=94041"},{"taxonomy":"post_tag","embeddable":true,"href":"https:\/\/migracao.redenoticia.com.br\/noticia\/wp-json\/wp\/v2\/tags?post=94041"}],"curies":[{"name":"wp","href":"https:\/\/api.w.org\/{rel}","templated":true}]}}