{"id":94048,"date":"2016-08-30T19:45:15","date_gmt":"2016-08-30T22:45:15","guid":{"rendered":"http:\/\/www.redenoticia.com.br\/noticia\/?p=94048"},"modified":"2016-08-30T15:41:12","modified_gmt":"2016-08-30T18:41:12","slug":"novela-carrossel-resumo-3108-miguel-explica-para-jaime-o-que-e-alzheimer","status":"publish","type":"post","link":"https:\/\/migracao.redenoticia.com.br\/noticia\/2016\/novela-carrossel-resumo-3108-miguel-explica-para-jaime-o-que-e-alzheimer\/94048","title":{"rendered":"Novela \u201cCarrossel\u201d resumo 31\/08: Miguel explica para Jaime o que \u00e9 Alzheimer"},"content":{"rendered":"<p><img loading=\"lazy\" decoding=\"async\" class=\"alignleft size-thumbnail wp-image-82147\" src=\"https:\/\/migracao.redenoticia.com.br\/noticia\/imagens\/Carrossel_resumo_novela_sbt-150x112.jpg\" alt=\"Carrossel_resumo_novela_sbt\" width=\"150\" height=\"112\" srcset=\"https:\/\/migracao.redenoticia.com.br\/noticia\/imagens\/Carrossel_resumo_novela_sbt-150x112.jpg 150w, https:\/\/migracao.redenoticia.com.br\/noticia\/imagens\/Carrossel_resumo_novela_sbt-265x198.jpg 265w\" sizes=\"auto, (max-width: 150px) 100vw, 150px\" \/><strong><em>Novela \u201cCarrossel\u201d resumo 31\/08<\/em><\/strong>:\u00a0Jaime vai \u00e0 casa de Maria Joaquina e conta que foi \u00e1 farm\u00e1cia e descobriu que Ol\u00edvia tem Alzheimer. Maria Joaquina acredita que Jaime esteja enganado e que Ol\u00edvia n\u00e3o est\u00e1 doente. Depois, Miguel explica para Jaime o que \u00e9 Alzheimer e tenta tranquilizar o garoto. Ele garante que Ol\u00edvia n\u00e3o tem essa doen\u00e7a.<\/p>\n<p>No cap\u00edtulo 383(*), novela \u201cCarrossel\u201d, quarta-feira, 31 de agosto \u2013 o encrenqueiro fica desesperado. Furioso, Paulo discute com Marcelina.<\/p>\n<p>Ele a culpa por estar apaixonado e pede para que a irm\u00e3 desfa\u00e7a o feiti\u00e7o. A garota diz que a varinha era de brincadeira e que n\u00e3o jogou feiti\u00e7o nenhum no irm\u00e3o. Maria Joaquina acredita que Jaime esteja enganado e que Ol\u00edvia n\u00e3o est\u00e1 doente. Paulo encontra a varinha e a rouba de Marcelina.<\/p>\n<p>Miguel explica para Jaime o que \u00e9 Alzheimer e tenta tranquilizar o garoto. O pai de Maria Joaquina garante que Ol\u00edvia n\u00e3o tem essa doen\u00e7a.<\/p>\n<p>(*) edi\u00e7\u00e3o do SBT, Novela \u201cCarrossel\u201d, sujeito a altera\u00e7\u00e3o de data e conte\u00fado.<\/p>\n","protected":false},"excerpt":{"rendered":"<p>Novela \u201cCarrossel\u201d resumo 31\/08:\u00a0Jaime vai \u00e0 casa de Maria Joaquina e conta que foi \u00e1 farm\u00e1cia e descobriu que Ol\u00edvia tem Alzheimer. Maria Joaquina acredita que Jaime esteja enganado e que Ol\u00edvia n\u00e3o est\u00e1 doente. Depois, Miguel explica para Jaime o que \u00e9 Alzheimer e tenta tranquilizar o garoto. Ele garante que Ol\u00edvia n\u00e3o tem [&hellip;]<\/p>\n","protected":false},"author":4,"featured_media":82147,"comment_status":"open","ping_status":"closed","sticky":false,"template":"","format":"standard","meta":{"tdm_status":"","tdm_grid_status":"","footnotes":""},"categories":[379,372,343],"tags":[441],"class_list":{"0":"post-94048","1":"post","2":"type-post","3":"status-publish","4":"format-standard","5":"has-post-thumbnail","7":"category-novelas","8":"category-sbt","9":"category-televisao","10":"tag-resumo-do-dia"},"_links":{"self":[{"href":"https:\/\/migracao.redenoticia.com.br\/noticia\/wp-json\/wp\/v2\/posts\/94048","targetHints":{"allow":["GET"]}}],"collection":[{"href":"https:\/\/migracao.redenoticia.com.br\/noticia\/wp-json\/wp\/v2\/posts"}],"about":[{"href":"https:\/\/migracao.redenoticia.com.br\/noticia\/wp-json\/wp\/v2\/types\/post"}],"author":[{"embeddable":true,"href":"https:\/\/migracao.redenoticia.com.br\/noticia\/wp-json\/wp\/v2\/users\/4"}],"replies":[{"embeddable":true,"href":"https:\/\/migracao.redenoticia.com.br\/noticia\/wp-json\/wp\/v2\/comments?post=94048"}],"version-history":[{"count":0,"href":"https:\/\/migracao.redenoticia.com.br\/noticia\/wp-json\/wp\/v2\/posts\/94048\/revisions"}],"wp:featuredmedia":[{"embeddable":true,"href":"https:\/\/migracao.redenoticia.com.br\/noticia\/wp-json\/wp\/v2\/media\/82147"}],"wp:attachment":[{"href":"https:\/\/migracao.redenoticia.com.br\/noticia\/wp-json\/wp\/v2\/media?parent=94048"}],"wp:term":[{"taxonomy":"category","embeddable":true,"href":"https:\/\/migracao.redenoticia.com.br\/noticia\/wp-json\/wp\/v2\/categories?post=94048"},{"taxonomy":"post_tag","embeddable":true,"href":"https:\/\/migracao.redenoticia.com.br\/noticia\/wp-json\/wp\/v2\/tags?post=94048"}],"curies":[{"name":"wp","href":"https:\/\/api.w.org\/{rel}","templated":true}]}}