{"id":94054,"date":"2016-08-31T15:55:33","date_gmt":"2016-08-31T18:55:33","guid":{"rendered":"http:\/\/www.redenoticia.com.br\/noticia\/?p=94054"},"modified":"2016-09-01T16:56:18","modified_gmt":"2016-09-01T19:56:18","slug":"novela-chamas-da-vida-resumo-3108-marreta-diz-adeus-a-mercedes-e-aperta-o-gatilho","status":"publish","type":"post","link":"https:\/\/migracao.redenoticia.com.br\/noticia\/2016\/novela-chamas-da-vida-resumo-3108-marreta-diz-adeus-a-mercedes-e-aperta-o-gatilho\/94054","title":{"rendered":"Novela \u201cChamas da Vida\u201d resumo 01\/09: Marreta diz adeus a Mercedes e aperta o gatilho"},"content":{"rendered":"<p> <img loading=\"lazy\" decoding=\"async\" class=\"alignleft size-thumbnail wp-image-82020\" src=\"https:\/\/migracao.redenoticia.com.br\/noticia\/imagens\/chamas_da_vida_resumo_novela-150x112.jpeg\" alt=\"chamas_da_vida_resumo_novela\" width=\"150\" height=\"112\" \/><strong><em>Novela \u201cChamas da Vida\u201d resumo 01\/09<\/em><\/strong>: Mercedes entra no carro e Marreta d\u00e1 a partida. Guga atende o interfone e avisa Vilma que Mercedes foi sequestrada por Marreta. Dion\u00edsio avisa Beatriz que Marreta sequestrou Mercedes. Marreta leva Mercedes ao ferro-velho. Ele pega a arma e se emociona falando de Antonio. Marreta aponta a arma para ela. Beatriz chega e diz que a pol\u00edcia est\u00e1 chegando ao ferro-velho. Marreta ignora e continua apontando a arma \u00e0 Mercedes e falando de Pedro, Rafa, Vivi e Antonio. Marreta diz adeus a Mercedes e aperta o gatilho da arma. Manu, Beatriz e Mercedes gritam \u201cn\u00e3o\u201d! A arma era de brinquedo e um papel escrito \u201cbang\u201d sai dela. Todos come\u00e7am a rir, menos Mercedes, que fica aliviada.   <\/p>\n<p>No capitulo 211 (*), novela \u201cChamas da Vida\u201d, quinta-feira, 01 de setembro &#8211; Mercedes desce e Marreta aponta-lhe a arma, mandando-a entrar no carro. Mercedes entra no carro e Marreta d\u00e1 a partida. Guga atende o interfone e avisa Vilma que Mercedes foi sequestrada por Marreta. Margareth desmaia quando Brito conta que Demoro ser\u00e1 papai. Dion\u00edsio avisa Beatriz que Marreta sequestrou Mercedes. Junior v\u00ea Telma andando na rua e vai falar com ela. Telma diz que s\u00f3 vai parar de infernizar a vida de Ra\u00edssa se ele voltar para ela. Junior agarra Telma pelo bra\u00e7o, com for\u00e7a, e diz que ela \u00e9 louca, que ele nunca mais quer ficar com ela. Telma se irrita e come\u00e7a a gritar socorro, como se Junior a estivesse atacando. Um homem forte que passa na rua, bate em Junior, o chamando de covarde. Telma sai correndo. Marreta leva Mercedes ao ferro-velho. Ele pega a arma e se emociona falando de Antonio. Marreta aponta a arma para ela. <\/p>\n<p>Beatriz chega e diz que a pol\u00edcia est\u00e1 chegando ao ferro-velho. Marreta ignora e continua apontando a arma \u00e0 Mercedes e falando de Pedro, Rafa, Vivi e Antonio. Fausto chega e pede para Marreta se entregar. Marreta diz que vai matar Mercedes antes. Carolina acha melhor dar a parte dela da f\u00e1brica para VilmaFausto invade o ferro-velho. Marreta diz adeus a Mercedes e aperta o gatilho da arma. Manu, Beatriz e Mercedes gritam \u201cn\u00e3o\u201d! A arma era de brinquedo e um papel escrito \u201cbang\u201d sai dela. Todos come\u00e7am a rir, menos Mercedes, que fica aliviada. Marreta pergunta a Mercedes se \u00e9 bom se sentir enganada pelos outros. Ele fala que, se ela o denunciar ao delegado, a\u00ed sim, a arma n\u00e3o ser\u00e1 de brinquedo. Fausto chega e pergunta o que aconteceu. Manu, Beatriz e Marreta dizem que Mercedes estava ali somente para bater um papo com eles e pedir desculpas pela morte do Ant\u00f4nio. Mercedes confirma. Marreta comemora e diz que essa foi para Ant\u00f4nio. Junior chega \u00e0 pens\u00e3o machucado. Ra\u00edssa e Suelen dizem que Telma tem que ser denunciada. <\/p>\n<p>Demor\u00f4 chega na casa de Vilma, para falar com Vivi. Guga atende \u00e0 porta. Vilma manda-o ir embora, ele se recusa e ela chama a pol\u00edcia. Tadeu liga para Beatriz e diz que descobriu que os documentos de Bruna eram falsos e sabe que ela est\u00e1 ligada com o pessoal da van, que estava em frente a casa dele no dia do jantar. Beatriz disfar\u00e7a, finge estar chocada e desliga. Xavier liga para a pens\u00e3o. Beatriz atende, n\u00e3o revela quem \u00e9, mas diz que pode salvar a vida dele e de Bruna. Xavier passa um endere\u00e7o para que se encontre com ele. <\/p>\n<p>(*) edi\u00e7\u00e3o da Rede Record, Novela \u201cChamas da Vida\u201d, sujeito a altera\u00e7\u00e3o de data e conte\u00fado. <\/p>\n","protected":false},"excerpt":{"rendered":"<p>Novela \u201cChamas da Vida\u201d resumo 01\/09: Mercedes entra no carro e Marreta d\u00e1 a partida. Guga atende o interfone e avisa Vilma que Mercedes foi sequestrada por Marreta. Dion\u00edsio avisa Beatriz que Marreta sequestrou Mercedes. Marreta leva Mercedes ao ferro-velho. Ele pega a arma e se emociona falando de Antonio. Marreta aponta a arma para [&hellip;]<\/p>\n","protected":false},"author":2,"featured_media":82020,"comment_status":"open","ping_status":"closed","sticky":false,"template":"","format":"standard","meta":{"tdm_status":"","tdm_grid_status":"","footnotes":""},"categories":[379,371,343],"tags":[441],"class_list":{"0":"post-94054","1":"post","2":"type-post","3":"status-publish","4":"format-standard","5":"has-post-thumbnail","7":"category-novelas","8":"category-rede-record","9":"category-televisao","10":"tag-resumo-do-dia"},"_links":{"self":[{"href":"https:\/\/migracao.redenoticia.com.br\/noticia\/wp-json\/wp\/v2\/posts\/94054","targetHints":{"allow":["GET"]}}],"collection":[{"href":"https:\/\/migracao.redenoticia.com.br\/noticia\/wp-json\/wp\/v2\/posts"}],"about":[{"href":"https:\/\/migracao.redenoticia.com.br\/noticia\/wp-json\/wp\/v2\/types\/post"}],"author":[{"embeddable":true,"href":"https:\/\/migracao.redenoticia.com.br\/noticia\/wp-json\/wp\/v2\/users\/2"}],"replies":[{"embeddable":true,"href":"https:\/\/migracao.redenoticia.com.br\/noticia\/wp-json\/wp\/v2\/comments?post=94054"}],"version-history":[{"count":0,"href":"https:\/\/migracao.redenoticia.com.br\/noticia\/wp-json\/wp\/v2\/posts\/94054\/revisions"}],"wp:featuredmedia":[{"embeddable":true,"href":"https:\/\/migracao.redenoticia.com.br\/noticia\/wp-json\/wp\/v2\/media\/82020"}],"wp:attachment":[{"href":"https:\/\/migracao.redenoticia.com.br\/noticia\/wp-json\/wp\/v2\/media?parent=94054"}],"wp:term":[{"taxonomy":"category","embeddable":true,"href":"https:\/\/migracao.redenoticia.com.br\/noticia\/wp-json\/wp\/v2\/categories?post=94054"},{"taxonomy":"post_tag","embeddable":true,"href":"https:\/\/migracao.redenoticia.com.br\/noticia\/wp-json\/wp\/v2\/tags?post=94054"}],"curies":[{"name":"wp","href":"https:\/\/api.w.org\/{rel}","templated":true}]}}