{"id":94062,"date":"2016-08-30T19:35:54","date_gmt":"2016-08-30T22:35:54","guid":{"rendered":"http:\/\/www.redenoticia.com.br\/noticia\/?p=94062"},"modified":"2016-08-30T21:23:29","modified_gmt":"2016-08-31T00:23:29","slug":"novela-sila-resumo-3108-civan-e-baleado-por-um-dos-homens-de-berzan","status":"publish","type":"post","link":"https:\/\/migracao.redenoticia.com.br\/noticia\/2016\/novela-sila-resumo-3108-civan-e-baleado-por-um-dos-homens-de-berzan\/94062","title":{"rendered":"Novela \u201cSila\u201d resumo 31\/08: Boran conta para Ayse que Civan est\u00e1 internado"},"content":{"rendered":"<p><img loading=\"lazy\" decoding=\"async\" class=\"alignleft size-thumbnail wp-image-83098\" src=\"https:\/\/migracao.redenoticia.com.br\/noticia\/imagens\/sila_band_novela_resumo_capitulo-150x112.jpg\" alt=\"sila_band_novela_resumo_capitulo\" width=\"150\" height=\"112\" srcset=\"https:\/\/migracao.redenoticia.com.br\/noticia\/imagens\/sila_band_novela_resumo_capitulo-150x112.jpg 150w, https:\/\/migracao.redenoticia.com.br\/noticia\/imagens\/sila_band_novela_resumo_capitulo-265x198.jpg 265w\" sizes=\"auto, (max-width: 150px) 100vw, 150px\" \/><strong><em> Novela \u201cSila\u201d resumo 30\/08<\/em><\/strong>: Sila pega um t\u00e1xi e segue Boran at\u00e9 a casa de Zeinep. Ela v\u00ea os dois conversando e, sem saber que a m\u00e9dica esconde a protegida do marido, resolve sair de casa. Civan faz a guarda de Zeliha e \u00e9 baleado por um dos homens de Berzan. Boran conta para Ayse que Civan est\u00e1 internado. Ayse e Narin se desesperam ao saber do estado de sa\u00fade de Civan.<\/p>\n<p>No capitulo 130 (*), novela \u201cSila\u201d, quarta-feira, 31 de agosto &#8211; Civan \u00e9 baleado por um dos homens de Berzan. Ayse e Narin se desesperam ao saber do estado de sa\u00fade de Civan. Esma oferece ajuda a Berzan para encontrar Sila. Emir \u00e9 seguido por um homem a caminho da escola. Boran finalmente consegue falar com Sila, mas os dois n\u00e3o se entendem. Esma se irrita com Ceren, a advogada da empresa.<\/p>\n<p>Oguz pede para Emir entregar uma carta para Dilan. Dilaver descobre onde Sila est\u00e1 e avisa Berzan. Boran consegue saber para onde Sila fugiu e vai atr\u00e1s dela. Umu diz a Zinar que quer voltar para Mardin. Boran chega ao hotel de Sila, mas ela n\u00e3o est\u00e1. Berzan encontra Sila e liga para Boran para amea\u00e7\u00e1-lo. Boran esclarece toda a situa\u00e7\u00e3o e acalma Sila.<\/p>\n<p>Bedar descobre que precisa ser operada mas ela se recusa a fazer a cirurgia. Zinar re\u00fane os chefes e pede que Boran volte a ser o agha. Dilaver entra no quarto de Sila e v\u00ea Zeliha de relance. Sila despista os chefes, apresentando Feride no lugar de Zeliha. Emir \u00e9 sequestrado levado \u00e0 casa de Berzan. Bedar conta a Kevser que est\u00e1 com c\u00e2ncer. Boran visita Civan no hospital. Zeliha passa mal na casa de Sila.<\/p>\n<p>(*) edi\u00e7\u00e3o da Band, Novela \u201cSila\u201d, sujeito a altera\u00e7\u00e3o de data e conte\u00fado.<\/p>\n","protected":false},"excerpt":{"rendered":"<p>Novela \u201cSila\u201d resumo 30\/08: Sila pega um t\u00e1xi e segue Boran at\u00e9 a casa de Zeinep. Ela v\u00ea os dois conversando e, sem saber que a m\u00e9dica esconde a protegida do marido, resolve sair de casa. Civan faz a guarda de Zeliha e \u00e9 baleado por um dos homens de Berzan. Boran conta para Ayse [&hellip;]<\/p>\n","protected":false},"author":2,"featured_media":83098,"comment_status":"open","ping_status":"closed","sticky":false,"template":"","format":"standard","meta":{"tdm_status":"","tdm_grid_status":"","footnotes":""},"categories":[390,379,343],"tags":[441],"class_list":{"0":"post-94062","1":"post","2":"type-post","3":"status-publish","4":"format-standard","5":"has-post-thumbnail","7":"category-band","8":"category-novelas","9":"category-televisao","10":"tag-resumo-do-dia"},"_links":{"self":[{"href":"https:\/\/migracao.redenoticia.com.br\/noticia\/wp-json\/wp\/v2\/posts\/94062","targetHints":{"allow":["GET"]}}],"collection":[{"href":"https:\/\/migracao.redenoticia.com.br\/noticia\/wp-json\/wp\/v2\/posts"}],"about":[{"href":"https:\/\/migracao.redenoticia.com.br\/noticia\/wp-json\/wp\/v2\/types\/post"}],"author":[{"embeddable":true,"href":"https:\/\/migracao.redenoticia.com.br\/noticia\/wp-json\/wp\/v2\/users\/2"}],"replies":[{"embeddable":true,"href":"https:\/\/migracao.redenoticia.com.br\/noticia\/wp-json\/wp\/v2\/comments?post=94062"}],"version-history":[{"count":0,"href":"https:\/\/migracao.redenoticia.com.br\/noticia\/wp-json\/wp\/v2\/posts\/94062\/revisions"}],"wp:featuredmedia":[{"embeddable":true,"href":"https:\/\/migracao.redenoticia.com.br\/noticia\/wp-json\/wp\/v2\/media\/83098"}],"wp:attachment":[{"href":"https:\/\/migracao.redenoticia.com.br\/noticia\/wp-json\/wp\/v2\/media?parent=94062"}],"wp:term":[{"taxonomy":"category","embeddable":true,"href":"https:\/\/migracao.redenoticia.com.br\/noticia\/wp-json\/wp\/v2\/categories?post=94062"},{"taxonomy":"post_tag","embeddable":true,"href":"https:\/\/migracao.redenoticia.com.br\/noticia\/wp-json\/wp\/v2\/tags?post=94062"}],"curies":[{"name":"wp","href":"https:\/\/api.w.org\/{rel}","templated":true}]}}