{"id":94132,"date":"2016-08-31T19:04:10","date_gmt":"2016-08-31T22:04:10","guid":{"rendered":"http:\/\/www.redenoticia.com.br\/noticia\/?p=94132"},"modified":"2016-09-01T21:26:28","modified_gmt":"2016-09-02T00:26:28","slug":"novela-sila-resumo-0109-berzan-encontra-sila","status":"publish","type":"post","link":"https:\/\/migracao.redenoticia.com.br\/noticia\/2016\/novela-sila-resumo-0109-berzan-encontra-sila\/94132","title":{"rendered":"Novela \u201cSila\u201d resumo 01\/09: Berzan encontra Sila"},"content":{"rendered":"<p> <img loading=\"lazy\" decoding=\"async\" class=\"alignleft size-thumbnail wp-image-83098\" src=\"https:\/\/migracao.redenoticia.com.br\/noticia\/imagens\/sila_band_novela_resumo_capitulo-150x112.jpg\" alt=\"sila_band_novela_resumo_capitulo\" width=\"150\" height=\"112\" srcset=\"https:\/\/migracao.redenoticia.com.br\/noticia\/imagens\/sila_band_novela_resumo_capitulo-150x112.jpg 150w, https:\/\/migracao.redenoticia.com.br\/noticia\/imagens\/sila_band_novela_resumo_capitulo-265x198.jpg 265w\" sizes=\"auto, (max-width: 150px) 100vw, 150px\" \/><strong><em> Novela \u201cSila\u201d resumo 01\/09<\/em><\/strong>: Sila descobre que Boran se encontrou com sua m\u00e9dica e resolve sair de casa. Ela se hospeda em um hotel e n\u00e3o atende \u00e0s liga\u00e7\u00f5es de Boran. Depois de um tempo, Boran finalmente consegue falar com Sila, mas os dois n\u00e3o se entendem. Dilaver descobre onde Sila est\u00e1 e avisa Berzan. Boran consegue saber para onde Sila fugiu e vai atr\u00e1s dela. Boran chega ao hotel de Sila, mas ela n\u00e3o est\u00e1. Berzan encontra Sila e liga para Boran para amea\u00e7\u00e1-lo.  <\/p>\n<p>No capitulo 131 (*), novela \u201cSila\u201d, quinta-feira, 01 de setembro &#8211; Boran finalmente consegue falar com Sila, mas os dois n\u00e3o se entendem. Esma se irrita com Ceren, a advogada da empresa. Oguz pede para Emir entregar uma carta para Dilan. Dilaver descobre onde Sila est\u00e1 e avisa Berzan. Boran consegue saber para onde Sila fugiu e vai atr\u00e1s dela. Umu diz a Zinar que quer voltar para Mardin. Boran chega ao hotel de Sila, mas ela n\u00e3o est\u00e1. Berzan encontra Sila e liga para Boran para amea\u00e7\u00e1-lo. Boran esclarece toda a situa\u00e7\u00e3o e acalma Sila. <\/p>\n<p> Bedar descobre que precisa ser operada mas ela se recusa a fazer a cirurgia. Zinar re\u00fane os chefes e pede que Boran volte a ser o agha. Dilaver entra no quarto de Sila e v\u00ea Zeliha de relance. Sila despista os chefes, apresentando Feride no lugar de Zeliha. Emir \u00e9 sequestrado levado \u00e0 casa de Berzan. Bedar conta a Kevser que est\u00e1 com c\u00e2ncer. Boran visita Civan no hospital. Zeliha passa mal na casa de Sila.<\/p>\n<p> Celil revela m\u00e1s not\u00edcias para Boran. Boran vai \u00e0 casa de Berzan para buscar Emir. Ceren chega em casa e encontra a porta aberta. Dilaver convida Ceren para dormir na casa dele. Sila e Boran decidem levar Zeliha para outro lugar.<\/p>\n<p>(*) edi\u00e7\u00e3o da Band, Novela \u201cSila\u201d, sujeito a altera\u00e7\u00e3o de data e conte\u00fado.<\/p>\n","protected":false},"excerpt":{"rendered":"<p>Novela \u201cSila\u201d resumo 01\/09: Sila descobre que Boran se encontrou com sua m\u00e9dica e resolve sair de casa. Ela se hospeda em um hotel e n\u00e3o atende \u00e0s liga\u00e7\u00f5es de Boran. Depois de um tempo, Boran finalmente consegue falar com Sila, mas os dois n\u00e3o se entendem. Dilaver descobre onde Sila est\u00e1 e avisa Berzan. [&hellip;]<\/p>\n","protected":false},"author":2,"featured_media":83098,"comment_status":"open","ping_status":"closed","sticky":false,"template":"","format":"standard","meta":{"tdm_status":"","tdm_grid_status":"","footnotes":""},"categories":[390,379,343],"tags":[441],"class_list":{"0":"post-94132","1":"post","2":"type-post","3":"status-publish","4":"format-standard","5":"has-post-thumbnail","7":"category-band","8":"category-novelas","9":"category-televisao","10":"tag-resumo-do-dia"},"_links":{"self":[{"href":"https:\/\/migracao.redenoticia.com.br\/noticia\/wp-json\/wp\/v2\/posts\/94132","targetHints":{"allow":["GET"]}}],"collection":[{"href":"https:\/\/migracao.redenoticia.com.br\/noticia\/wp-json\/wp\/v2\/posts"}],"about":[{"href":"https:\/\/migracao.redenoticia.com.br\/noticia\/wp-json\/wp\/v2\/types\/post"}],"author":[{"embeddable":true,"href":"https:\/\/migracao.redenoticia.com.br\/noticia\/wp-json\/wp\/v2\/users\/2"}],"replies":[{"embeddable":true,"href":"https:\/\/migracao.redenoticia.com.br\/noticia\/wp-json\/wp\/v2\/comments?post=94132"}],"version-history":[{"count":0,"href":"https:\/\/migracao.redenoticia.com.br\/noticia\/wp-json\/wp\/v2\/posts\/94132\/revisions"}],"wp:featuredmedia":[{"embeddable":true,"href":"https:\/\/migracao.redenoticia.com.br\/noticia\/wp-json\/wp\/v2\/media\/83098"}],"wp:attachment":[{"href":"https:\/\/migracao.redenoticia.com.br\/noticia\/wp-json\/wp\/v2\/media?parent=94132"}],"wp:term":[{"taxonomy":"category","embeddable":true,"href":"https:\/\/migracao.redenoticia.com.br\/noticia\/wp-json\/wp\/v2\/categories?post=94132"},{"taxonomy":"post_tag","embeddable":true,"href":"https:\/\/migracao.redenoticia.com.br\/noticia\/wp-json\/wp\/v2\/tags?post=94132"}],"curies":[{"name":"wp","href":"https:\/\/api.w.org\/{rel}","templated":true}]}}