{"id":94138,"date":"2016-08-31T19:44:10","date_gmt":"2016-08-31T22:44:10","guid":{"rendered":"http:\/\/www.redenoticia.com.br\/noticia\/?p=94138"},"modified":"2016-09-01T20:35:00","modified_gmt":"2016-09-01T23:35:00","slug":"novela-escrava-mae-resumo-0109-juliana-se-apavora-com-o-aparecimento-de-osorio","status":"publish","type":"post","link":"https:\/\/migracao.redenoticia.com.br\/noticia\/2016\/novela-escrava-mae-resumo-0109-juliana-se-apavora-com-o-aparecimento-de-osorio\/94138","title":{"rendered":"Novela \u201cEscrava M\u00e3e\u201d resumo 01\/09: Juliana se apavora com o aparecimento de Os\u00f3rio"},"content":{"rendered":"<p> <img loading=\"lazy\" decoding=\"async\" class=\"alignleft size-thumbnail wp-image-87037\" src=\"https:\/\/migracao.redenoticia.com.br\/noticia\/imagens\/escrava-mae-novela-resumo-150x112.jpg\" alt=\"escrava-mae-novela-resumo\" width=\"150\" height=\"112\" srcset=\"https:\/\/migracao.redenoticia.com.br\/noticia\/imagens\/escrava-mae-novela-resumo-150x112.jpg 150w, https:\/\/migracao.redenoticia.com.br\/noticia\/imagens\/escrava-mae-novela-resumo-265x198.jpg 265w\" sizes=\"auto, (max-width: 150px) 100vw, 150px\" \/><strong><em>Novela \u201cEscrava M\u00e3e\u201d resumo 01\/09<\/em><\/strong>: Juliana est\u00e1 assustada diante de Os\u00f3rio, que est\u00e1 molhado, sujo e tem um aspecto apavorante. Os\u00f3rio se aproxima, Juliana bate nele com um galho e sai correndo. Juliana est\u00e1 angustiada diante de tia Joaquina e Tipo Pardo por perto. Juliana diz que tem certeza que era Os\u00f3rio que estava atr\u00e1s dela. Almeida encontra Juliana na senzala e avisa que ela cuidar\u00e1 muito bem de Teresa, para que n\u00e3o perca a gravidez novamente. <\/p>\n<p>No capitulo 067 (*), novela \u201cEscrava M\u00e3e\u201d, quinta-feira, 01 de setembro &#8211; Juliana est\u00e1 assustada diante de Os\u00f3rio, que est\u00e1 molhado, sujo e tem um aspecto apavorante. Os\u00f3rio se aproxima e Juliana bate nele com um galho e sai correndo. Maria Isabel diz a Almeida que est\u00e1 gr\u00e1vida de Miguel e pergunta se vai ajud\u00e1-la. Almeida aceita e os dois estendem a m\u00e3o e selam um acordo. \u00c1tila fica apreensivo ao imaginar que Jasmim pode ser sua filha. Juliana corre assustada em alguns instantes esbarra Tito Pardo. Miguel e Nestor tentam conter \u00c1tila que quer tirar satisfa\u00e7\u00e3o com Maria Isabel. Violeta est\u00e1 apavorada e D\u00e1lia pede que se acalme e diz que vai chamar Loreto para denunciar o criminoso. Violeta pede que n\u00e3o conte a ningu\u00e9m o que aconteceu. <\/p>\n<p>Loreto est\u00e1 bravo e reclama com o soldado que foi expulso por Rosalinda da pens\u00e3o. Juliana est\u00e1 angustiada diante de tia Joaquina e Tipo Pardo por perto. Juliana diz que tem certeza que era Os\u00f3rio que estava atr\u00e1s dela. Filipa e Guilherme conversam sobre o passado da m\u00e3e. Filipa mostra as cartas que que estavam no ba\u00fa e Filipa revela que sua m\u00e3e se apaixonou por um escravo. Guilherme diz a Filipa que quer vender a pepita para ajudar a pagar as d\u00edvidas. Almeida aparece na senzala e arrasta o chicote no ch\u00e3o. <\/p>\n<p>Almeida avista algu\u00e9m deitada e quando d\u00e1 uma chicotada no ar e quando a pessoa se vira, s\u00f3 ent\u00e3o Almeida v\u00ea que \u00e9 Juliana. Esm\u00e9ria se encontra com Gen\u00e9sio e diz que n\u00e3o quer mais ficar na senzala. Almeida segura o rosto de Juliana e avisa que ela cuidar\u00e1 muito bem de Teresa para que n\u00e3o perca a gravidez novamente. \u00c1tila vai at\u00e9 o engenho do sol e procura por Maria Isabel. <\/p>\n<p>(*) edi\u00e7\u00e3o da Rede Record, Novela \u201cEscrava M\u00e3e\u201d, sujeito a altera\u00e7\u00e3o de data e conte\u00fado.<\/p>\n","protected":false},"excerpt":{"rendered":"<p>Novela \u201cEscrava M\u00e3e\u201d resumo 01\/09: Juliana est\u00e1 assustada diante de Os\u00f3rio, que est\u00e1 molhado, sujo e tem um aspecto apavorante. Os\u00f3rio se aproxima, Juliana bate nele com um galho e sai correndo. Juliana est\u00e1 angustiada diante de tia Joaquina e Tipo Pardo por perto. Juliana diz que tem certeza que era Os\u00f3rio que estava atr\u00e1s [&hellip;]<\/p>\n","protected":false},"author":2,"featured_media":87037,"comment_status":"open","ping_status":"closed","sticky":false,"template":"","format":"standard","meta":{"tdm_status":"","tdm_grid_status":"","footnotes":""},"categories":[379,371,343],"tags":[441],"class_list":{"0":"post-94138","1":"post","2":"type-post","3":"status-publish","4":"format-standard","5":"has-post-thumbnail","7":"category-novelas","8":"category-rede-record","9":"category-televisao","10":"tag-resumo-do-dia"},"_links":{"self":[{"href":"https:\/\/migracao.redenoticia.com.br\/noticia\/wp-json\/wp\/v2\/posts\/94138","targetHints":{"allow":["GET"]}}],"collection":[{"href":"https:\/\/migracao.redenoticia.com.br\/noticia\/wp-json\/wp\/v2\/posts"}],"about":[{"href":"https:\/\/migracao.redenoticia.com.br\/noticia\/wp-json\/wp\/v2\/types\/post"}],"author":[{"embeddable":true,"href":"https:\/\/migracao.redenoticia.com.br\/noticia\/wp-json\/wp\/v2\/users\/2"}],"replies":[{"embeddable":true,"href":"https:\/\/migracao.redenoticia.com.br\/noticia\/wp-json\/wp\/v2\/comments?post=94138"}],"version-history":[{"count":0,"href":"https:\/\/migracao.redenoticia.com.br\/noticia\/wp-json\/wp\/v2\/posts\/94138\/revisions"}],"wp:featuredmedia":[{"embeddable":true,"href":"https:\/\/migracao.redenoticia.com.br\/noticia\/wp-json\/wp\/v2\/media\/87037"}],"wp:attachment":[{"href":"https:\/\/migracao.redenoticia.com.br\/noticia\/wp-json\/wp\/v2\/media?parent=94138"}],"wp:term":[{"taxonomy":"category","embeddable":true,"href":"https:\/\/migracao.redenoticia.com.br\/noticia\/wp-json\/wp\/v2\/categories?post=94138"},{"taxonomy":"post_tag","embeddable":true,"href":"https:\/\/migracao.redenoticia.com.br\/noticia\/wp-json\/wp\/v2\/tags?post=94138"}],"curies":[{"name":"wp","href":"https:\/\/api.w.org\/{rel}","templated":true}]}}