{"id":94139,"date":"2016-08-31T21:10:18","date_gmt":"2016-09-01T00:10:18","guid":{"rendered":"http:\/\/www.redenoticia.com.br\/noticia\/?p=94139"},"modified":"2016-08-31T18:14:58","modified_gmt":"2016-08-31T21:14:58","slug":"novela-justica-resumo-0109-marcelo-discute-com-rose","status":"publish","type":"post","link":"https:\/\/migracao.redenoticia.com.br\/noticia\/2016\/novela-justica-resumo-0109-marcelo-discute-com-rose\/94139","title":{"rendered":"Novela \u201cJusti\u00e7a\u201d resumo 01\/09: Marcelo discute com Rose"},"content":{"rendered":"<p><img loading=\"lazy\" decoding=\"async\" class=\"alignleft size-thumbnail wp-image-92259\" src=\"https:\/\/migracao.redenoticia.com.br\/noticia\/imagens\/novela_globo_justica_resumo-150x112.jpg\" alt=\"novela_globo_justica_resumo\" width=\"150\" height=\"112\" srcset=\"https:\/\/migracao.redenoticia.com.br\/noticia\/imagens\/novela_globo_justica_resumo-150x112.jpg 150w, https:\/\/migracao.redenoticia.com.br\/noticia\/imagens\/novela_globo_justica_resumo-265x198.jpg 265w\" sizes=\"auto, (max-width: 150px) 100vw, 150px\" \/><strong><em>Novela \u201cJusti\u00e7a\u201d resumo 01\/09 <\/em><\/strong>:\u00a0D\u00e9bora diz a Marcelo que Rose pode encontrar o homem que a violentou. Depois, Rose conta para Heitor por que n\u00e3o conseguiu fazer sua matr\u00edcula na faculdade e tenta reaver sua vaga. Rose v\u00ea Douglas na universidade e se esconde com D\u00e9bora em uma sala. Mais tarde, Marcelo discute com Rose e D\u00e9bora apoia a amiga. D\u00e9bora descobre que outra menina foi violentada pelo mesmo homem e decide fazer um retrato falado do criminoso.<\/p>\n<p>No cap\u00edtulo 007(*), novela \u201cJusti\u00e7a\u201d, quinta-feira, 01 de setembro \u2013 D\u00e9bora diz a Marcelo que Rose pode encontrar o homem que a violentou. Rose visita o t\u00famulo de sua m\u00e3e. Celso chama Rose para trabalhar em seu quiosque. Celso namora Rose e ignora o telefonema de Kellen.<\/p>\n<p>Rose conta para Heitor por que n\u00e3o conseguiu fazer sua matr\u00edcula na faculdade e tenta reaver sua vaga. Rose v\u00ea Douglas na universidade e se esconde com D\u00e9bora em uma sala. Marcelo discute com Rose e D\u00e9bora apoia a amiga. Kellen sente ci\u00fames de Rose.\u00a0 Kellen procura Rose.<\/p>\n<p>Marcelo diz a D\u00e9bora que deseja adotar um filho. D\u00e9bora descobre que outra menina foi violentada pelo mesmo homem e decide fazer um retrato falado do criminoso.<\/p>\n<p>(*) edi\u00e7\u00e3o da Rede Globo, Novela \u201cJusti\u00e7a\u201d, sujeito a altera\u00e7\u00e3o de data e conte\u00fado.<\/p>\n","protected":false},"excerpt":{"rendered":"<p>Novela \u201cJusti\u00e7a\u201d resumo 01\/09 :\u00a0D\u00e9bora diz a Marcelo que Rose pode encontrar o homem que a violentou. Depois, Rose conta para Heitor por que n\u00e3o conseguiu fazer sua matr\u00edcula na faculdade e tenta reaver sua vaga. Rose v\u00ea Douglas na universidade e se esconde com D\u00e9bora em uma sala. Mais tarde, Marcelo discute com Rose [&hellip;]<\/p>\n","protected":false},"author":4,"featured_media":92259,"comment_status":"open","ping_status":"closed","sticky":false,"template":"","format":"standard","meta":{"tdm_status":"","tdm_grid_status":"","footnotes":""},"categories":[379,375,343],"tags":[441],"class_list":{"0":"post-94139","1":"post","2":"type-post","3":"status-publish","4":"format-standard","5":"has-post-thumbnail","7":"category-novelas","8":"category-rede-globo","9":"category-televisao","10":"tag-resumo-do-dia"},"_links":{"self":[{"href":"https:\/\/migracao.redenoticia.com.br\/noticia\/wp-json\/wp\/v2\/posts\/94139","targetHints":{"allow":["GET"]}}],"collection":[{"href":"https:\/\/migracao.redenoticia.com.br\/noticia\/wp-json\/wp\/v2\/posts"}],"about":[{"href":"https:\/\/migracao.redenoticia.com.br\/noticia\/wp-json\/wp\/v2\/types\/post"}],"author":[{"embeddable":true,"href":"https:\/\/migracao.redenoticia.com.br\/noticia\/wp-json\/wp\/v2\/users\/4"}],"replies":[{"embeddable":true,"href":"https:\/\/migracao.redenoticia.com.br\/noticia\/wp-json\/wp\/v2\/comments?post=94139"}],"version-history":[{"count":0,"href":"https:\/\/migracao.redenoticia.com.br\/noticia\/wp-json\/wp\/v2\/posts\/94139\/revisions"}],"wp:featuredmedia":[{"embeddable":true,"href":"https:\/\/migracao.redenoticia.com.br\/noticia\/wp-json\/wp\/v2\/media\/92259"}],"wp:attachment":[{"href":"https:\/\/migracao.redenoticia.com.br\/noticia\/wp-json\/wp\/v2\/media?parent=94139"}],"wp:term":[{"taxonomy":"category","embeddable":true,"href":"https:\/\/migracao.redenoticia.com.br\/noticia\/wp-json\/wp\/v2\/categories?post=94139"},{"taxonomy":"post_tag","embeddable":true,"href":"https:\/\/migracao.redenoticia.com.br\/noticia\/wp-json\/wp\/v2\/tags?post=94139"}],"curies":[{"name":"wp","href":"https:\/\/api.w.org\/{rel}","templated":true}]}}