{"id":94141,"date":"2016-08-31T21:00:29","date_gmt":"2016-09-01T00:00:29","guid":{"rendered":"http:\/\/www.redenoticia.com.br\/noticia\/?p=94141"},"modified":"2016-08-31T18:13:59","modified_gmt":"2016-08-31T21:13:59","slug":"novela-velho-chico-resumo-0109-carlos-eduardo-vira-o-novo-coronel-sarue","status":"publish","type":"post","link":"https:\/\/migracao.redenoticia.com.br\/noticia\/2016\/novela-velho-chico-resumo-0109-carlos-eduardo-vira-o-novo-coronel-sarue\/94141","title":{"rendered":"Novela \u201cVelho Chico\u201d resumo 01\/09: Carlos Eduardo vira o novo coronel Saru\u00ea"},"content":{"rendered":"<p><img loading=\"lazy\" decoding=\"async\" class=\"alignleft size-thumbnail wp-image-82169\" src=\"https:\/\/migracao.redenoticia.com.br\/noticia\/imagens\/velho_chico_novela_resumo_globo-150x112.jpg\" alt=\"velho_chico_novela_resumo_globo\" width=\"150\" height=\"112\" srcset=\"https:\/\/migracao.redenoticia.com.br\/noticia\/imagens\/velho_chico_novela_resumo_globo-150x112.jpg 150w, https:\/\/migracao.redenoticia.com.br\/noticia\/imagens\/velho_chico_novela_resumo_globo-265x198.jpg 265w\" sizes=\"auto, (max-width: 150px) 100vw, 150px\" \/><strong><em>Novela \u201cVelho Chico\u201d resumo 01\/09<\/em><\/strong>:\u00a0Carlos Eduardo chantageia Afr\u00e2nio para tomar o poder. Ele tem uma arma apontada para sua cabe\u00e7a, pois o coronel fica irritado com a ousadia do genro e o amea\u00e7a, mas o deputado surpreende ao enfrent\u00e1-lo. De posse dos documentos que comprovam a\u00e7\u00f5es il\u00edcitas de Afr\u00e2nio, Carlos exige se tornar o sucessor dele, e os dois v\u00e3o ter uma dura conversa no escrit\u00f3rio do coronel. Para evitar sua pris\u00e3o, Afr\u00e2nio cede \u00e0 chantagem. Carlos Eduardo vira o novo coronel Saru\u00ea.<\/p>\n<p>No cap\u00edtulo 148(*), novela \u201cVelho Chico\u201d, quinta-feira, 01 de setembro \u2013 Ol\u00edvia estranha o jeito que Luzia fala de Carlos. Santo se preocupa com Tereza.<\/p>\n<p>Carlos exige de Afr\u00e2nio o posto de coronel Saru\u00ea. Dalva pede para C\u00edcero ir embora com ela. Martim enfrenta Carlos. Afr\u00e2nio diz a Encarna\u00e7\u00e3o que n\u00e3o quer mais ser coronel.<\/p>\n<p>Carlos intimida o prefeito Raimundo. Carlos e Santo se enfrentam na rua. Iolanda afirma a Encarna\u00e7\u00e3o que n\u00e3o vai ajudar Afr\u00e2nio. Carlos flagra Tereza em seu quarto.<\/p>\n<p>(*) edi\u00e7\u00e3o da Rede Globo, Novela \u201cVelho Chico\u201d, sujeito a altera\u00e7\u00e3o de data e conte\u00fado.<\/p>\n","protected":false},"excerpt":{"rendered":"<p>Novela \u201cVelho Chico\u201d resumo 01\/09:\u00a0Carlos Eduardo chantageia Afr\u00e2nio para tomar o poder. Ele tem uma arma apontada para sua cabe\u00e7a, pois o coronel fica irritado com a ousadia do genro e o amea\u00e7a, mas o deputado surpreende ao enfrent\u00e1-lo. De posse dos documentos que comprovam a\u00e7\u00f5es il\u00edcitas de Afr\u00e2nio, Carlos exige se tornar o sucessor [&hellip;]<\/p>\n","protected":false},"author":4,"featured_media":82169,"comment_status":"open","ping_status":"closed","sticky":false,"template":"","format":"standard","meta":{"tdm_status":"","tdm_grid_status":"","footnotes":""},"categories":[379,375,343],"tags":[441],"class_list":{"0":"post-94141","1":"post","2":"type-post","3":"status-publish","4":"format-standard","5":"has-post-thumbnail","7":"category-novelas","8":"category-rede-globo","9":"category-televisao","10":"tag-resumo-do-dia"},"_links":{"self":[{"href":"https:\/\/migracao.redenoticia.com.br\/noticia\/wp-json\/wp\/v2\/posts\/94141","targetHints":{"allow":["GET"]}}],"collection":[{"href":"https:\/\/migracao.redenoticia.com.br\/noticia\/wp-json\/wp\/v2\/posts"}],"about":[{"href":"https:\/\/migracao.redenoticia.com.br\/noticia\/wp-json\/wp\/v2\/types\/post"}],"author":[{"embeddable":true,"href":"https:\/\/migracao.redenoticia.com.br\/noticia\/wp-json\/wp\/v2\/users\/4"}],"replies":[{"embeddable":true,"href":"https:\/\/migracao.redenoticia.com.br\/noticia\/wp-json\/wp\/v2\/comments?post=94141"}],"version-history":[{"count":0,"href":"https:\/\/migracao.redenoticia.com.br\/noticia\/wp-json\/wp\/v2\/posts\/94141\/revisions"}],"wp:featuredmedia":[{"embeddable":true,"href":"https:\/\/migracao.redenoticia.com.br\/noticia\/wp-json\/wp\/v2\/media\/82169"}],"wp:attachment":[{"href":"https:\/\/migracao.redenoticia.com.br\/noticia\/wp-json\/wp\/v2\/media?parent=94141"}],"wp:term":[{"taxonomy":"category","embeddable":true,"href":"https:\/\/migracao.redenoticia.com.br\/noticia\/wp-json\/wp\/v2\/categories?post=94141"},{"taxonomy":"post_tag","embeddable":true,"href":"https:\/\/migracao.redenoticia.com.br\/noticia\/wp-json\/wp\/v2\/tags?post=94141"}],"curies":[{"name":"wp","href":"https:\/\/api.w.org\/{rel}","templated":true}]}}