{"id":94146,"date":"2016-08-31T19:10:58","date_gmt":"2016-08-31T22:10:58","guid":{"rendered":"http:\/\/www.redenoticia.com.br\/noticia\/?p=94146"},"modified":"2016-08-31T18:09:35","modified_gmt":"2016-08-31T21:09:35","slug":"novela-haja-coracao-resumo-0109-bruna-e-eneas-descobrem-que-aparicio-ajudou-giovanni-a-viajar-com-camila","status":"publish","type":"post","link":"https:\/\/migracao.redenoticia.com.br\/noticia\/2016\/novela-haja-coracao-resumo-0109-bruna-e-eneas-descobrem-que-aparicio-ajudou-giovanni-a-viajar-com-camila\/94146","title":{"rendered":"Novela \u201cHaja Cora\u00e7\u00e3o\u201d resumo 01\/09: Camila se arremessa ao mar"},"content":{"rendered":"<p><img loading=\"lazy\" decoding=\"async\" class=\"alignleft size-thumbnail wp-image-87038\" src=\"https:\/\/migracao.redenoticia.com.br\/noticia\/imagens\/haja_coracao_novela_resumo_capitulo_globo-150x112.jpg\" alt=\"haja_coracao_novela_resumo_capitulo_globo\" width=\"150\" height=\"112\" srcset=\"https:\/\/migracao.redenoticia.com.br\/noticia\/imagens\/haja_coracao_novela_resumo_capitulo_globo-150x112.jpg 150w, https:\/\/migracao.redenoticia.com.br\/noticia\/imagens\/haja_coracao_novela_resumo_capitulo_globo-265x198.jpg 265w\" sizes=\"auto, (max-width: 150px) 100vw, 150px\" \/><strong><em>Novela \u201cHaja Cora\u00e7\u00e3o\u201d resumo 01\/09<\/em><\/strong>:\u00a0uma arma\u00e7\u00e3o para unir Camila e Giovanni por pouco n\u00e3o termina em trag\u00e9dia. O empres\u00e1rio manda a sobrinha para Angra dos Reis sem revelar que o rapaz est\u00e1 l\u00e1 a esperar por ela. O encontro \u00e9 em um iate e, sem entender o que Giovanni est\u00e1 a fazer l\u00e1, Camila fica com medo e se arremessa ao mar. De volta ao barco, Giovanni surpreende a amada com uma bela mesa para os dois almo\u00e7arem juntos, e mostra a ela um v\u00eddeo em que Apar\u00edcio conta que a ideia do encontro foi dele. Giovanni aproveita que Camila se desarmou para servir a ela uma ta\u00e7a de vinho e se declara. Bruna e En\u00e9as descobrem que Apar\u00edcio ajudou Giovanni a viajar com Camila.<\/p>\n<p>No cap\u00edtulo 079(*), novela \u201cHaja Cora\u00e7\u00e3o\u201d, quinta-feira, 01 de setembro \u2013 Camila tenta fugir ao ver que est\u00e1 sozinha com Giovanni no iate. Apolo n\u00e3o gosta do comportamento de Tamara.<\/p>\n<p>Apar\u00edcio pede ajuda a Bruna para impedir que Fedora assuma a presid\u00eancia da empresa. Camila assiste ao v\u00eddeo gravado por Apar\u00edcio, incentivando a sobrinha a ficar com Giovanni. Camila beija Giovanni. Bruna e En\u00e9as descobrem que Apar\u00edcio ajudou Giovanni a viajar com Camila.<\/p>\n<p>Carol pede que Apolo assine a alta de Bia. Apolo supera Tamara e conquista melhor posi\u00e7\u00e3o para a corrida. Rodrigo e Beto auxiliam Francesca e Tancinha na abertura de uma cantina. Apolo pergunta a Carol o que aconteceu com Afonso. Camila questiona Giovanni sobre sua companhia no cinema.<\/p>\n<p>(*) edi\u00e7\u00e3o da Rede Globo, Novela \u201cHaja Cora\u00e7\u00e3o\u201d, sujeito a altera\u00e7\u00e3o de data e conte\u00fado.<\/p>\n","protected":false},"excerpt":{"rendered":"<p>Novela \u201cHaja Cora\u00e7\u00e3o\u201d resumo 01\/09:\u00a0uma arma\u00e7\u00e3o para unir Camila e Giovanni por pouco n\u00e3o termina em trag\u00e9dia. O empres\u00e1rio manda a sobrinha para Angra dos Reis sem revelar que o rapaz est\u00e1 l\u00e1 a esperar por ela. O encontro \u00e9 em um iate e, sem entender o que Giovanni est\u00e1 a fazer l\u00e1, Camila fica [&hellip;]<\/p>\n","protected":false},"author":4,"featured_media":87038,"comment_status":"open","ping_status":"closed","sticky":false,"template":"","format":"standard","meta":{"tdm_status":"","tdm_grid_status":"","footnotes":""},"categories":[379,375,343],"tags":[441],"class_list":{"0":"post-94146","1":"post","2":"type-post","3":"status-publish","4":"format-standard","5":"has-post-thumbnail","7":"category-novelas","8":"category-rede-globo","9":"category-televisao","10":"tag-resumo-do-dia"},"_links":{"self":[{"href":"https:\/\/migracao.redenoticia.com.br\/noticia\/wp-json\/wp\/v2\/posts\/94146","targetHints":{"allow":["GET"]}}],"collection":[{"href":"https:\/\/migracao.redenoticia.com.br\/noticia\/wp-json\/wp\/v2\/posts"}],"about":[{"href":"https:\/\/migracao.redenoticia.com.br\/noticia\/wp-json\/wp\/v2\/types\/post"}],"author":[{"embeddable":true,"href":"https:\/\/migracao.redenoticia.com.br\/noticia\/wp-json\/wp\/v2\/users\/4"}],"replies":[{"embeddable":true,"href":"https:\/\/migracao.redenoticia.com.br\/noticia\/wp-json\/wp\/v2\/comments?post=94146"}],"version-history":[{"count":0,"href":"https:\/\/migracao.redenoticia.com.br\/noticia\/wp-json\/wp\/v2\/posts\/94146\/revisions"}],"wp:featuredmedia":[{"embeddable":true,"href":"https:\/\/migracao.redenoticia.com.br\/noticia\/wp-json\/wp\/v2\/media\/87038"}],"wp:attachment":[{"href":"https:\/\/migracao.redenoticia.com.br\/noticia\/wp-json\/wp\/v2\/media?parent=94146"}],"wp:term":[{"taxonomy":"category","embeddable":true,"href":"https:\/\/migracao.redenoticia.com.br\/noticia\/wp-json\/wp\/v2\/categories?post=94146"},{"taxonomy":"post_tag","embeddable":true,"href":"https:\/\/migracao.redenoticia.com.br\/noticia\/wp-json\/wp\/v2\/tags?post=94146"}],"curies":[{"name":"wp","href":"https:\/\/api.w.org\/{rel}","templated":true}]}}