{"id":94151,"date":"2016-08-31T18:10:42","date_gmt":"2016-08-31T21:10:42","guid":{"rendered":"http:\/\/www.redenoticia.com.br\/noticia\/?p=94151"},"modified":"2016-08-31T18:04:23","modified_gmt":"2016-08-31T21:04:23","slug":"novela-sol-nascente-resumo-0109-geppina-e-gaetano-discutem","status":"publish","type":"post","link":"https:\/\/migracao.redenoticia.com.br\/noticia\/2016\/novela-sol-nascente-resumo-0109-geppina-e-gaetano-discutem\/94151","title":{"rendered":"Novela \u201cSol Nascente\u201d resumo 01\/09: C\u00e9sar descobre que Alice vai ser colega de curso"},"content":{"rendered":"<p><img loading=\"lazy\" decoding=\"async\" class=\"alignleft size-thumbnail wp-image-91714\" src=\"https:\/\/migracao.redenoticia.com.br\/noticia\/imagens\/sol_nascente_resumo_novela_globo-150x112.jpg\" alt=\"sol_nascente_resumo_novela_globo\" width=\"150\" height=\"112\" srcset=\"https:\/\/migracao.redenoticia.com.br\/noticia\/imagens\/sol_nascente_resumo_novela_globo-150x112.jpg 150w, https:\/\/migracao.redenoticia.com.br\/noticia\/imagens\/sol_nascente_resumo_novela_globo-265x198.jpg 265w\" sizes=\"auto, (max-width: 150px) 100vw, 150px\" \/><strong><em>Novela \u201cSol Nascente\u201d resumo 01\/09<\/em><\/strong>:\u00a0C\u00e9sar n\u00e3o precisa de muito tempo para mostrar que n\u00e3o \u00e9 um bom sujeito. Assim que sabe da sua aprova\u00e7\u00e3o para fazer uma p\u00f3s-gradua\u00e7\u00e3o no Jap\u00e3o, o rapaz joga tudo para o alto e pede demiss\u00e3o de seu atual emprego da forma mais arrogante poss\u00edvel. O neto de\u00a0Dona Sinh\u00e1 parece estar se achando agora que pintou uma boa oportunidade de jogar tudo para o alto. Na rua, a postura n\u00e3o muda nada, ele arruma confus\u00e3o, empurra pessoas, chuta coisas que n\u00e3o s\u00e3o dele. Ele descobre que Alice vai ser sua colega no curso de p\u00f3s-gradua\u00e7\u00e3o e j\u00e1 pensa como tirar proveito desta situa\u00e7\u00e3o. <\/p>\n<p>No cap\u00edtulo 004(*), novela \u201cSol Nascente\u201d, quinta-feira, 01 de setembro \u2013 Cesar descobre que Alice ser\u00e1 sua colega no curso de p\u00f3s-gradua\u00e7\u00e3o. Hir\u00f4 finge estar feliz com a viagem de Alice. C\u00e9sar expulsa Sirlene de seu apartamento. Paula se insinua para Mario.<\/p>\n<p>Geppina v\u00ea Gaetano ser gentil com Lenita e arma uma confus\u00e3o na padaria. Vittorio encontra fotos de Beatriz e sofre ao lembrar de seus momentos com ela.<\/p>\n<p>Geppina e Gaetano discutem e a fam\u00edlia tenta acalmar o casal. Alice e Mario passam o dia juntos. Ralf revela a Mario que teve um romance com Alice.<\/p>\n<p>(*) edi\u00e7\u00e3o da Rede Globo, Novela \u201cSol Nascente\u201d, sujeito a altera\u00e7\u00e3o de data e conte\u00fado.<\/p>\n","protected":false},"excerpt":{"rendered":"<p>Novela \u201cSol Nascente\u201d resumo 01\/09:\u00a0C\u00e9sar n\u00e3o precisa de muito tempo para mostrar que n\u00e3o \u00e9 um bom sujeito. Assim que sabe da sua aprova\u00e7\u00e3o para fazer uma p\u00f3s-gradua\u00e7\u00e3o no Jap\u00e3o, o rapaz joga tudo para o alto e pede demiss\u00e3o de seu atual emprego da forma mais arrogante poss\u00edvel. O neto de\u00a0Dona Sinh\u00e1 parece estar [&hellip;]<\/p>\n","protected":false},"author":4,"featured_media":91714,"comment_status":"open","ping_status":"closed","sticky":false,"template":"","format":"standard","meta":{"tdm_status":"","tdm_grid_status":"","footnotes":""},"categories":[379,375,343],"tags":[441],"class_list":{"0":"post-94151","1":"post","2":"type-post","3":"status-publish","4":"format-standard","5":"has-post-thumbnail","7":"category-novelas","8":"category-rede-globo","9":"category-televisao","10":"tag-resumo-do-dia"},"_links":{"self":[{"href":"https:\/\/migracao.redenoticia.com.br\/noticia\/wp-json\/wp\/v2\/posts\/94151","targetHints":{"allow":["GET"]}}],"collection":[{"href":"https:\/\/migracao.redenoticia.com.br\/noticia\/wp-json\/wp\/v2\/posts"}],"about":[{"href":"https:\/\/migracao.redenoticia.com.br\/noticia\/wp-json\/wp\/v2\/types\/post"}],"author":[{"embeddable":true,"href":"https:\/\/migracao.redenoticia.com.br\/noticia\/wp-json\/wp\/v2\/users\/4"}],"replies":[{"embeddable":true,"href":"https:\/\/migracao.redenoticia.com.br\/noticia\/wp-json\/wp\/v2\/comments?post=94151"}],"version-history":[{"count":0,"href":"https:\/\/migracao.redenoticia.com.br\/noticia\/wp-json\/wp\/v2\/posts\/94151\/revisions"}],"wp:featuredmedia":[{"embeddable":true,"href":"https:\/\/migracao.redenoticia.com.br\/noticia\/wp-json\/wp\/v2\/media\/91714"}],"wp:attachment":[{"href":"https:\/\/migracao.redenoticia.com.br\/noticia\/wp-json\/wp\/v2\/media?parent=94151"}],"wp:term":[{"taxonomy":"category","embeddable":true,"href":"https:\/\/migracao.redenoticia.com.br\/noticia\/wp-json\/wp\/v2\/categories?post=94151"},{"taxonomy":"post_tag","embeddable":true,"href":"https:\/\/migracao.redenoticia.com.br\/noticia\/wp-json\/wp\/v2\/tags?post=94151"}],"curies":[{"name":"wp","href":"https:\/\/api.w.org\/{rel}","templated":true}]}}